{"id":90,"date":"2023-04-16T09:27:20","date_gmt":"2023-04-16T09:27:20","guid":{"rendered":"https:\/\/www.frauenhaus-steyr.at\/wordpress\/?p=90"},"modified":"2023-07-15T06:09:13","modified_gmt":"2023-07-15T06:09:13","slug":"1989-bis-1992","status":"publish","type":"post","link":"https:\/\/www.frauenhaus-steyr.at\/wordpress\/2023\/04\/1989-bis-1992\/","title":{"rendered":"1989 bis 1992"},"content":{"rendered":"\n<p>Mit J\u00e4nner 1989 konnte \u00fcber AMS F\u00f6rderung die erste Mitarbeiterin angestellt werden. Die B\u00fcrozeiten wurden erweitert und die \u00d6ffentlichkeitsarbeit ausgebaut. Durch die konstante Anwesenheit einer Mitarbeiterin wurde die Betreuung und Beratung betroffener Frauen intensiviert. Die Anstellung einer weiteren Mitarbeiterin 1990 wurde notwendig und die zweite Wohnung konnte angemietet werden. Anhand der steigenden Zahlen der betroffenen Frauen, die sich an den Notruf wandten, zeigte sich, dass auch in Steyr viele Frauen Opfer h\u00e4uslicher Gewalt waren.<\/p>\n\n\n\n<p>Durch die Pr\u00e4senz in der \u00d6ffentlichkeit reichten die Kapazit\u00e4ten zur Unterbringung der Frauen und Kinder bald nicht mehr aus. Konkrete Verhandlungen mit dem Magistrat Steyr wurden gef\u00fchrt, um ein geeignetes Haus anmieten und adaptieren zu k\u00f6nnen.<\/p>\n","protected":false},"excerpt":{"rendered":"<p>Mit J\u00e4nner 1989 konnte \u00fcber AMS F\u00f6rderung die erste Mitarbeiterin angestellt werden. Die B\u00fcrozeiten wurden erweitert und die \u00d6ffentlichkeitsarbeit ausgebaut. Durch die konstante Anwesenheit einer Mitarbeiterin wurde die Betreuung und Beratung betroffener Frauen intensiviert. Die Anstellung einer weiteren Mitarbeiterin 1990 wurde notwendig und die zweite Wohnung konnte angemietet werden. Anhand der steigenden Zahlen der betroffenen &hellip;<\/p>\n<p class=\"read-more\"> <a class=\"\" href=\"https:\/\/www.frauenhaus-steyr.at\/wordpress\/2023\/04\/1989-bis-1992\/\"> <span class=\"screen-reader-text\">1989 bis 1992<\/span> Weiterlesen &raquo;<\/a><\/p>\n","protected":false},"author":3,"featured_media":0,"comment_status":"closed","ping_status":"open","sticky":false,"template":"","format":"standard","meta":{"advgb_blocks_editor_width":"","advgb_blocks_columns_visual_guide":"","_coblocks_attr":"","_coblocks_dimensions":"","_coblocks_responsive_height":"","_coblocks_accordion_ie_support":"","site-sidebar-layout":"default","site-content-layout":"default","ast-global-header-display":"","ast-main-header-display":"","ast-hfb-above-header-display":"","ast-hfb-below-header-display":"","ast-hfb-mobile-header-display":"","site-post-title":"","ast-breadcrumbs-content":"","ast-featured-img":"","footer-sml-layout":"","theme-transparent-header-meta":"","adv-header-id-meta":"","stick-header-meta":"","header-above-stick-meta":"","header-main-stick-meta":"","header-below-stick-meta":"","footnotes":""},"categories":[4],"tags":[],"class_list":["post-90","post","type-post","status-publish","format-standard","hentry","category-verein"],"author_meta":{"display_name":"Frauenhaus","author_link":"https:\/\/www.frauenhaus-steyr.at\/wordpress\/author\/frauenhaus\/"},"featured_img":null,"coauthors":[],"tax_additional":{"categories":{"linked":["<a href=\"https:\/\/www.frauenhaus-steyr.at\/wordpress\/category\/verein\/\" class=\"advgb-post-tax-term\">Verein<\/a>"],"unlinked":["<span class=\"advgb-post-tax-term\">Verein<\/span>"]}},"comment_count":"0","relative_dates":{"created":"Posted 3\u00a0Jahren ago","modified":"Updated 3\u00a0Jahren ago"},"absolute_dates":{"created":"Posted on April 16, 2023","modified":"Updated on Juli 15, 2023"},"absolute_dates_time":{"created":"Posted on April 16, 2023 9:27 a.m.","modified":"Updated on Juli 15, 2023 6:09 a.m."},"featured_img_caption":"","series_order":"","_links":{"self":[{"href":"https:\/\/www.frauenhaus-steyr.at\/wordpress\/wp-json\/wp\/v2\/posts\/90","targetHints":{"allow":["GET"]}}],"collection":[{"href":"https:\/\/www.frauenhaus-steyr.at\/wordpress\/wp-json\/wp\/v2\/posts"}],"about":[{"href":"https:\/\/www.frauenhaus-steyr.at\/wordpress\/wp-json\/wp\/v2\/types\/post"}],"author":[{"embeddable":true,"href":"https:\/\/www.frauenhaus-steyr.at\/wordpress\/wp-json\/wp\/v2\/users\/3"}],"replies":[{"embeddable":true,"href":"https:\/\/www.frauenhaus-steyr.at\/wordpress\/wp-json\/wp\/v2\/comments?post=90"}],"version-history":[{"count":1,"href":"https:\/\/www.frauenhaus-steyr.at\/wordpress\/wp-json\/wp\/v2\/posts\/90\/revisions"}],"predecessor-version":[{"id":91,"href":"https:\/\/www.frauenhaus-steyr.at\/wordpress\/wp-json\/wp\/v2\/posts\/90\/revisions\/91"}],"wp:attachment":[{"href":"https:\/\/www.frauenhaus-steyr.at\/wordpress\/wp-json\/wp\/v2\/media?parent=90"}],"wp:term":[{"taxonomy":"category","embeddable":true,"href":"https:\/\/www.frauenhaus-steyr.at\/wordpress\/wp-json\/wp\/v2\/categories?post=90"},{"taxonomy":"post_tag","embeddable":true,"href":"https:\/\/www.frauenhaus-steyr.at\/wordpress\/wp-json\/wp\/v2\/tags?post=90"}],"curies":[{"name":"wp","href":"https:\/\/api.w.org\/{rel}","templated":true}]}}