{"id":88,"date":"2023-04-16T09:26:30","date_gmt":"2023-04-16T09:26:30","guid":{"rendered":"https:\/\/www.frauenhaus-steyr.at\/wordpress\/?p=88"},"modified":"2023-07-15T06:09:34","modified_gmt":"2023-07-15T06:09:34","slug":"1984-bis-1988","status":"publish","type":"post","link":"https:\/\/www.frauenhaus-steyr.at\/wordpress\/2023\/04\/1984-bis-1988\/","title":{"rendered":"1984 bis 1988"},"content":{"rendered":"\n<p>Gr\u00fcndung des Vereines &#8222;Notruf f\u00fcr vergewaltigte, misshandelte und bedrohte Frauen&#8220;. \u00d6ffentliche Bekanntmachung eines Notrufdienstes f\u00fcr Frauen, Beratungsstunden, rechtliche Information und Begleitung bei amtlichen Wegen. Eine kleine Wohnung konnte angemietet werden und wurde durch die Mitgliedsbeitr\u00e4ge der Vereinsfrauen finanziert. Das Engagement f\u00fcr betroffene Frauen war nach wie vor ehrenamtlich. Die Vereinsgr\u00fcndung erm\u00f6glichte, minimale F\u00f6rderungen der Sachkosten von \u00f6ffentlichen Stellen zu bekommen.<\/p>\n","protected":false},"excerpt":{"rendered":"<p>Gr\u00fcndung des Vereines &#8222;Notruf f\u00fcr vergewaltigte, misshandelte und bedrohte Frauen&#8220;. \u00d6ffentliche Bekanntmachung eines Notrufdienstes f\u00fcr Frauen, Beratungsstunden, rechtliche Information und Begleitung bei amtlichen Wegen. Eine kleine Wohnung konnte angemietet werden und wurde durch die Mitgliedsbeitr\u00e4ge der Vereinsfrauen finanziert. Das Engagement f\u00fcr betroffene Frauen war nach wie vor ehrenamtlich. Die Vereinsgr\u00fcndung erm\u00f6glichte, minimale F\u00f6rderungen der Sachkosten &hellip;<\/p>\n<p class=\"read-more\"> <a class=\"\" href=\"https:\/\/www.frauenhaus-steyr.at\/wordpress\/2023\/04\/1984-bis-1988\/\"> <span class=\"screen-reader-text\">1984 bis 1988<\/span> Weiterlesen &raquo;<\/a><\/p>\n","protected":false},"author":3,"featured_media":0,"comment_status":"closed","ping_status":"open","sticky":false,"template":"","format":"standard","meta":{"advgb_blocks_editor_width":"","advgb_blocks_columns_visual_guide":"","_coblocks_attr":"","_coblocks_dimensions":"","_coblocks_responsive_height":"","_coblocks_accordion_ie_support":"","site-sidebar-layout":"default","site-content-layout":"default","ast-global-header-display":"","ast-main-header-display":"","ast-hfb-above-header-display":"","ast-hfb-below-header-display":"","ast-hfb-mobile-header-display":"","site-post-title":"","ast-breadcrumbs-content":"","ast-featured-img":"","footer-sml-layout":"","theme-transparent-header-meta":"","adv-header-id-meta":"","stick-header-meta":"","header-above-stick-meta":"","header-main-stick-meta":"","header-below-stick-meta":"","footnotes":""},"categories":[4],"tags":[],"class_list":["post-88","post","type-post","status-publish","format-standard","hentry","category-verein"],"author_meta":{"display_name":"Frauenhaus","author_link":"https:\/\/www.frauenhaus-steyr.at\/wordpress\/author\/frauenhaus\/"},"featured_img":null,"coauthors":[],"tax_additional":{"categories":{"linked":["<a href=\"https:\/\/www.frauenhaus-steyr.at\/wordpress\/category\/verein\/\" class=\"advgb-post-tax-term\">Verein<\/a>"],"unlinked":["<span class=\"advgb-post-tax-term\">Verein<\/span>"]}},"comment_count":"0","relative_dates":{"created":"Posted 3\u00a0Jahren ago","modified":"Updated 3\u00a0Jahren ago"},"absolute_dates":{"created":"Posted on April 16, 2023","modified":"Updated on Juli 15, 2023"},"absolute_dates_time":{"created":"Posted on April 16, 2023 9:26 a.m.","modified":"Updated on Juli 15, 2023 6:09 a.m."},"featured_img_caption":"","series_order":"","_links":{"self":[{"href":"https:\/\/www.frauenhaus-steyr.at\/wordpress\/wp-json\/wp\/v2\/posts\/88","targetHints":{"allow":["GET"]}}],"collection":[{"href":"https:\/\/www.frauenhaus-steyr.at\/wordpress\/wp-json\/wp\/v2\/posts"}],"about":[{"href":"https:\/\/www.frauenhaus-steyr.at\/wordpress\/wp-json\/wp\/v2\/types\/post"}],"author":[{"embeddable":true,"href":"https:\/\/www.frauenhaus-steyr.at\/wordpress\/wp-json\/wp\/v2\/users\/3"}],"replies":[{"embeddable":true,"href":"https:\/\/www.frauenhaus-steyr.at\/wordpress\/wp-json\/wp\/v2\/comments?post=88"}],"version-history":[{"count":1,"href":"https:\/\/www.frauenhaus-steyr.at\/wordpress\/wp-json\/wp\/v2\/posts\/88\/revisions"}],"predecessor-version":[{"id":89,"href":"https:\/\/www.frauenhaus-steyr.at\/wordpress\/wp-json\/wp\/v2\/posts\/88\/revisions\/89"}],"wp:attachment":[{"href":"https:\/\/www.frauenhaus-steyr.at\/wordpress\/wp-json\/wp\/v2\/media?parent=88"}],"wp:term":[{"taxonomy":"category","embeddable":true,"href":"https:\/\/www.frauenhaus-steyr.at\/wordpress\/wp-json\/wp\/v2\/categories?post=88"},{"taxonomy":"post_tag","embeddable":true,"href":"https:\/\/www.frauenhaus-steyr.at\/wordpress\/wp-json\/wp\/v2\/tags?post=88"}],"curies":[{"name":"wp","href":"https:\/\/api.w.org\/{rel}","templated":true}]}}