{"id":586,"date":"2023-04-16T18:04:05","date_gmt":"2023-04-16T18:04:05","guid":{"rendered":"https:\/\/www.frauenhaus-steyr.at\/wordpress\/?p=586"},"modified":"2023-07-15T05:58:53","modified_gmt":"2023-07-15T05:58:53","slug":"sommerfest-2015","status":"publish","type":"post","link":"https:\/\/www.frauenhaus-steyr.at\/wordpress\/2023\/04\/sommerfest-2015\/","title":{"rendered":"2015: Sommerfest"},"content":{"rendered":"\n<p>Juli 2015<\/p>\n\n\n\n<p>Im Juli fand wieder das allj\u00e4hrliche Sommerfest statt. Diesmal mit kreativer Unterst\u00fctzung der Singgruppe der pro mente. Danke an alle, die tatkr\u00e4ftig mitgeholfen und mitgefeiert haben!<\/p>\n\n\n\n<figure class=\"wp-block-image size-full is-resized\"><img loading=\"lazy\" decoding=\"async\" src=\"https:\/\/www.frauenhaus-steyr.at\/wordpress\/wp-content\/uploads\/2023\/04\/Sommerfest_2015_19.jpg\" alt=\"\" class=\"wp-image-587\" width=\"401\" height=\"301\" srcset=\"https:\/\/www.frauenhaus-steyr.at\/wordpress\/wp-content\/uploads\/2023\/04\/Sommerfest_2015_19.jpg 650w, https:\/\/www.frauenhaus-steyr.at\/wordpress\/wp-content\/uploads\/2023\/04\/Sommerfest_2015_19-300x225.jpg 300w\" sizes=\"auto, (max-width: 401px) 100vw, 401px\" \/><\/figure>\n\n\n\n<figure class=\"wp-block-gallery has-nested-images columns-default is-cropped wp-block-gallery-1 is-layout-flex wp-block-gallery-is-layout-flex\">\n<figure class=\"wp-block-image size-large\"><img loading=\"lazy\" decoding=\"async\" width=\"650\" height=\"433\" data-id=\"591\" src=\"https:\/\/www.frauenhaus-steyr.at\/wordpress\/wp-content\/uploads\/2023\/04\/Sommerfest_2015_1.jpg\" alt=\"\" class=\"wp-image-591\" srcset=\"https:\/\/www.frauenhaus-steyr.at\/wordpress\/wp-content\/uploads\/2023\/04\/Sommerfest_2015_1.jpg 650w, https:\/\/www.frauenhaus-steyr.at\/wordpress\/wp-content\/uploads\/2023\/04\/Sommerfest_2015_1-300x200.jpg 300w\" sizes=\"auto, (max-width: 650px) 100vw, 650px\" \/><\/figure>\n\n\n\n<figure class=\"wp-block-image size-large\"><img loading=\"lazy\" decoding=\"async\" width=\"650\" height=\"433\" data-id=\"590\" src=\"https:\/\/www.frauenhaus-steyr.at\/wordpress\/wp-content\/uploads\/2023\/04\/Sommerfest_2015_2.jpg\" alt=\"\" class=\"wp-image-590\" srcset=\"https:\/\/www.frauenhaus-steyr.at\/wordpress\/wp-content\/uploads\/2023\/04\/Sommerfest_2015_2.jpg 650w, https:\/\/www.frauenhaus-steyr.at\/wordpress\/wp-content\/uploads\/2023\/04\/Sommerfest_2015_2-300x200.jpg 300w\" sizes=\"auto, (max-width: 650px) 100vw, 650px\" \/><\/figure>\n\n\n\n<figure class=\"wp-block-image size-large\"><img loading=\"lazy\" decoding=\"async\" width=\"650\" height=\"433\" data-id=\"599\" src=\"https:\/\/www.frauenhaus-steyr.at\/wordpress\/wp-content\/uploads\/2023\/04\/Sommerfest_2015_3.jpg\" alt=\"\" class=\"wp-image-599\" srcset=\"https:\/\/www.frauenhaus-steyr.at\/wordpress\/wp-content\/uploads\/2023\/04\/Sommerfest_2015_3.jpg 650w, https:\/\/www.frauenhaus-steyr.at\/wordpress\/wp-content\/uploads\/2023\/04\/Sommerfest_2015_3-300x200.jpg 300w\" sizes=\"auto, (max-width: 650px) 100vw, 650px\" \/><\/figure>\n\n\n\n<figure class=\"wp-block-image size-large\"><img loading=\"lazy\" decoding=\"async\" width=\"650\" height=\"433\" data-id=\"592\" src=\"https:\/\/www.frauenhaus-steyr.at\/wordpress\/wp-content\/uploads\/2023\/04\/Sommerfest_2015_4.jpg\" alt=\"\" class=\"wp-image-592\" srcset=\"https:\/\/www.frauenhaus-steyr.at\/wordpress\/wp-content\/uploads\/2023\/04\/Sommerfest_2015_4.jpg 650w, https:\/\/www.frauenhaus-steyr.at\/wordpress\/wp-content\/uploads\/2023\/04\/Sommerfest_2015_4-300x200.jpg 300w\" sizes=\"auto, (max-width: 650px) 100vw, 650px\" \/><\/figure>\n\n\n\n<figure class=\"wp-block-image size-large\"><img loading=\"lazy\" decoding=\"async\" width=\"650\" height=\"433\" data-id=\"595\" src=\"https:\/\/www.frauenhaus-steyr.at\/wordpress\/wp-content\/uploads\/2023\/04\/Sommerfest_2015_5.jpg\" alt=\"\" class=\"wp-image-595\" srcset=\"https:\/\/www.frauenhaus-steyr.at\/wordpress\/wp-content\/uploads\/2023\/04\/Sommerfest_2015_5.jpg 650w, https:\/\/www.frauenhaus-steyr.at\/wordpress\/wp-content\/uploads\/2023\/04\/Sommerfest_2015_5-300x200.jpg 300w\" sizes=\"auto, (max-width: 650px) 100vw, 650px\" \/><\/figure>\n\n\n\n<figure class=\"wp-block-image size-large\"><img loading=\"lazy\" decoding=\"async\" width=\"650\" height=\"433\" data-id=\"597\" src=\"https:\/\/www.frauenhaus-steyr.at\/wordpress\/wp-content\/uploads\/2023\/04\/Sommerfest_2015_6.jpg\" alt=\"\" class=\"wp-image-597\" srcset=\"https:\/\/www.frauenhaus-steyr.at\/wordpress\/wp-content\/uploads\/2023\/04\/Sommerfest_2015_6.jpg 650w, https:\/\/www.frauenhaus-steyr.at\/wordpress\/wp-content\/uploads\/2023\/04\/Sommerfest_2015_6-300x200.jpg 300w\" sizes=\"auto, (max-width: 650px) 100vw, 650px\" \/><\/figure>\n\n\n\n<figure class=\"wp-block-image size-large\"><img loading=\"lazy\" decoding=\"async\" width=\"650\" height=\"433\" data-id=\"594\" src=\"https:\/\/www.frauenhaus-steyr.at\/wordpress\/wp-content\/uploads\/2023\/04\/Sommerfest_2015_7.jpg\" alt=\"\" class=\"wp-image-594\" srcset=\"https:\/\/www.frauenhaus-steyr.at\/wordpress\/wp-content\/uploads\/2023\/04\/Sommerfest_2015_7.jpg 650w, https:\/\/www.frauenhaus-steyr.at\/wordpress\/wp-content\/uploads\/2023\/04\/Sommerfest_2015_7-300x200.jpg 300w\" sizes=\"auto, (max-width: 650px) 100vw, 650px\" \/><\/figure>\n\n\n\n<figure class=\"wp-block-image size-large\"><img loading=\"lazy\" decoding=\"async\" width=\"650\" height=\"433\" data-id=\"588\" src=\"https:\/\/www.frauenhaus-steyr.at\/wordpress\/wp-content\/uploads\/2023\/04\/Sommerfest_2015_8.jpg\" alt=\"\" class=\"wp-image-588\" srcset=\"https:\/\/www.frauenhaus-steyr.at\/wordpress\/wp-content\/uploads\/2023\/04\/Sommerfest_2015_8.jpg 650w, https:\/\/www.frauenhaus-steyr.at\/wordpress\/wp-content\/uploads\/2023\/04\/Sommerfest_2015_8-300x200.jpg 300w\" sizes=\"auto, (max-width: 650px) 100vw, 650px\" \/><\/figure>\n\n\n\n<figure class=\"wp-block-image size-large\"><img loading=\"lazy\" decoding=\"async\" width=\"650\" height=\"433\" data-id=\"596\" src=\"https:\/\/www.frauenhaus-steyr.at\/wordpress\/wp-content\/uploads\/2023\/04\/Sommerfest_2015_9.jpg\" alt=\"\" class=\"wp-image-596\" srcset=\"https:\/\/www.frauenhaus-steyr.at\/wordpress\/wp-content\/uploads\/2023\/04\/Sommerfest_2015_9.jpg 650w, https:\/\/www.frauenhaus-steyr.at\/wordpress\/wp-content\/uploads\/2023\/04\/Sommerfest_2015_9-300x200.jpg 300w\" sizes=\"auto, (max-width: 650px) 100vw, 650px\" \/><\/figure>\n\n\n\n<figure class=\"wp-block-image size-large\"><img loading=\"lazy\" decoding=\"async\" width=\"650\" height=\"433\" data-id=\"589\" src=\"https:\/\/www.frauenhaus-steyr.at\/wordpress\/wp-content\/uploads\/2023\/04\/Sommerfest_2015_10.jpg\" alt=\"\" class=\"wp-image-589\" srcset=\"https:\/\/www.frauenhaus-steyr.at\/wordpress\/wp-content\/uploads\/2023\/04\/Sommerfest_2015_10.jpg 650w, https:\/\/www.frauenhaus-steyr.at\/wordpress\/wp-content\/uploads\/2023\/04\/Sommerfest_2015_10-300x200.jpg 300w\" sizes=\"auto, (max-width: 650px) 100vw, 650px\" \/><\/figure>\n\n\n\n<figure class=\"wp-block-image size-large\"><img loading=\"lazy\" decoding=\"async\" width=\"650\" height=\"433\" data-id=\"593\" src=\"https:\/\/www.frauenhaus-steyr.at\/wordpress\/wp-content\/uploads\/2023\/04\/Sommerfest_2015_11.jpg\" alt=\"\" class=\"wp-image-593\" srcset=\"https:\/\/www.frauenhaus-steyr.at\/wordpress\/wp-content\/uploads\/2023\/04\/Sommerfest_2015_11.jpg 650w, https:\/\/www.frauenhaus-steyr.at\/wordpress\/wp-content\/uploads\/2023\/04\/Sommerfest_2015_11-300x200.jpg 300w\" sizes=\"auto, (max-width: 650px) 100vw, 650px\" \/><\/figure>\n\n\n\n<figure class=\"wp-block-image size-large\"><img loading=\"lazy\" decoding=\"async\" width=\"650\" height=\"433\" data-id=\"600\" src=\"https:\/\/www.frauenhaus-steyr.at\/wordpress\/wp-content\/uploads\/2023\/04\/Sommerfest_2015_12.jpg\" alt=\"\" class=\"wp-image-600\" srcset=\"https:\/\/www.frauenhaus-steyr.at\/wordpress\/wp-content\/uploads\/2023\/04\/Sommerfest_2015_12.jpg 650w, https:\/\/www.frauenhaus-steyr.at\/wordpress\/wp-content\/uploads\/2023\/04\/Sommerfest_2015_12-300x200.jpg 300w\" sizes=\"auto, (max-width: 650px) 100vw, 650px\" \/><\/figure>\n\n\n\n<figure class=\"wp-block-image size-large\"><img loading=\"lazy\" decoding=\"async\" width=\"650\" height=\"433\" data-id=\"601\" src=\"https:\/\/www.frauenhaus-steyr.at\/wordpress\/wp-content\/uploads\/2023\/04\/Sommerfest_2015_13.jpg\" alt=\"\" class=\"wp-image-601\" srcset=\"https:\/\/www.frauenhaus-steyr.at\/wordpress\/wp-content\/uploads\/2023\/04\/Sommerfest_2015_13.jpg 650w, https:\/\/www.frauenhaus-steyr.at\/wordpress\/wp-content\/uploads\/2023\/04\/Sommerfest_2015_13-300x200.jpg 300w\" sizes=\"auto, (max-width: 650px) 100vw, 650px\" \/><\/figure>\n\n\n\n<figure class=\"wp-block-image size-large\"><img loading=\"lazy\" decoding=\"async\" width=\"650\" height=\"433\" data-id=\"605\" src=\"https:\/\/www.frauenhaus-steyr.at\/wordpress\/wp-content\/uploads\/2023\/04\/Sommerfest_2015_14.jpg\" alt=\"\" class=\"wp-image-605\" srcset=\"https:\/\/www.frauenhaus-steyr.at\/wordpress\/wp-content\/uploads\/2023\/04\/Sommerfest_2015_14.jpg 650w, https:\/\/www.frauenhaus-steyr.at\/wordpress\/wp-content\/uploads\/2023\/04\/Sommerfest_2015_14-300x200.jpg 300w\" sizes=\"auto, (max-width: 650px) 100vw, 650px\" \/><\/figure>\n\n\n\n<figure class=\"wp-block-image size-large\"><img loading=\"lazy\" decoding=\"async\" width=\"650\" height=\"433\" data-id=\"604\" src=\"https:\/\/www.frauenhaus-steyr.at\/wordpress\/wp-content\/uploads\/2023\/04\/Sommerfest_2015_15.jpg\" alt=\"\" class=\"wp-image-604\" srcset=\"https:\/\/www.frauenhaus-steyr.at\/wordpress\/wp-content\/uploads\/2023\/04\/Sommerfest_2015_15.jpg 650w, https:\/\/www.frauenhaus-steyr.at\/wordpress\/wp-content\/uploads\/2023\/04\/Sommerfest_2015_15-300x200.jpg 300w\" sizes=\"auto, (max-width: 650px) 100vw, 650px\" \/><\/figure>\n\n\n\n<figure class=\"wp-block-image size-large\"><img loading=\"lazy\" decoding=\"async\" width=\"433\" height=\"650\" data-id=\"603\" src=\"https:\/\/www.frauenhaus-steyr.at\/wordpress\/wp-content\/uploads\/2023\/04\/Sommerfest_2015_16.jpg\" alt=\"\" class=\"wp-image-603\" srcset=\"https:\/\/www.frauenhaus-steyr.at\/wordpress\/wp-content\/uploads\/2023\/04\/Sommerfest_2015_16.jpg 433w, https:\/\/www.frauenhaus-steyr.at\/wordpress\/wp-content\/uploads\/2023\/04\/Sommerfest_2015_16-200x300.jpg 200w\" sizes=\"auto, (max-width: 433px) 100vw, 433px\" \/><\/figure>\n\n\n\n<figure class=\"wp-block-image size-large\"><img loading=\"lazy\" decoding=\"async\" width=\"650\" height=\"433\" data-id=\"602\" src=\"https:\/\/www.frauenhaus-steyr.at\/wordpress\/wp-content\/uploads\/2023\/04\/Sommerfest_2015_17.jpg\" alt=\"\" class=\"wp-image-602\" srcset=\"https:\/\/www.frauenhaus-steyr.at\/wordpress\/wp-content\/uploads\/2023\/04\/Sommerfest_2015_17.jpg 650w, https:\/\/www.frauenhaus-steyr.at\/wordpress\/wp-content\/uploads\/2023\/04\/Sommerfest_2015_17-300x200.jpg 300w\" sizes=\"auto, (max-width: 650px) 100vw, 650px\" \/><\/figure>\n\n\n\n<figure class=\"wp-block-image size-large\"><img loading=\"lazy\" decoding=\"async\" width=\"650\" height=\"433\" data-id=\"598\" src=\"https:\/\/www.frauenhaus-steyr.at\/wordpress\/wp-content\/uploads\/2023\/04\/Sommerfest_2015_18.jpg\" alt=\"\" class=\"wp-image-598\" srcset=\"https:\/\/www.frauenhaus-steyr.at\/wordpress\/wp-content\/uploads\/2023\/04\/Sommerfest_2015_18.jpg 650w, https:\/\/www.frauenhaus-steyr.at\/wordpress\/wp-content\/uploads\/2023\/04\/Sommerfest_2015_18-300x200.jpg 300w\" sizes=\"auto, (max-width: 650px) 100vw, 650px\" \/><\/figure>\n<\/figure>\n\n\n\n<figure class=\"wp-block-gallery has-nested-images columns-default is-cropped wp-block-gallery-2 is-layout-flex wp-block-gallery-is-layout-flex\">\n<figure class=\"wp-block-image size-large\"><img loading=\"lazy\" decoding=\"async\" width=\"650\" height=\"433\" data-id=\"606\" src=\"https:\/\/www.frauenhaus-steyr.at\/wordpress\/wp-content\/uploads\/2023\/04\/Sommerfest_2015_20.jpg\" alt=\"\" class=\"wp-image-606\" srcset=\"https:\/\/www.frauenhaus-steyr.at\/wordpress\/wp-content\/uploads\/2023\/04\/Sommerfest_2015_20.jpg 650w, https:\/\/www.frauenhaus-steyr.at\/wordpress\/wp-content\/uploads\/2023\/04\/Sommerfest_2015_20-300x200.jpg 300w\" sizes=\"auto, (max-width: 650px) 100vw, 650px\" \/><\/figure>\n\n\n\n<figure class=\"wp-block-image size-large\"><img loading=\"lazy\" decoding=\"async\" width=\"650\" height=\"433\" data-id=\"607\" src=\"https:\/\/www.frauenhaus-steyr.at\/wordpress\/wp-content\/uploads\/2023\/04\/Sommerfest_2015_21.jpg\" alt=\"\" class=\"wp-image-607\" srcset=\"https:\/\/www.frauenhaus-steyr.at\/wordpress\/wp-content\/uploads\/2023\/04\/Sommerfest_2015_21.jpg 650w, https:\/\/www.frauenhaus-steyr.at\/wordpress\/wp-content\/uploads\/2023\/04\/Sommerfest_2015_21-300x200.jpg 300w\" sizes=\"auto, (max-width: 650px) 100vw, 650px\" \/><\/figure>\n\n\n\n<figure class=\"wp-block-image size-large\"><img loading=\"lazy\" decoding=\"async\" width=\"650\" height=\"433\" data-id=\"615\" src=\"https:\/\/www.frauenhaus-steyr.at\/wordpress\/wp-content\/uploads\/2023\/04\/Sommerfest_2015_22.jpg\" alt=\"\" class=\"wp-image-615\" srcset=\"https:\/\/www.frauenhaus-steyr.at\/wordpress\/wp-content\/uploads\/2023\/04\/Sommerfest_2015_22.jpg 650w, https:\/\/www.frauenhaus-steyr.at\/wordpress\/wp-content\/uploads\/2023\/04\/Sommerfest_2015_22-300x200.jpg 300w\" sizes=\"auto, (max-width: 650px) 100vw, 650px\" \/><\/figure>\n\n\n\n<figure class=\"wp-block-image size-large\"><img loading=\"lazy\" decoding=\"async\" width=\"650\" height=\"433\" data-id=\"617\" src=\"https:\/\/www.frauenhaus-steyr.at\/wordpress\/wp-content\/uploads\/2023\/04\/Sommerfest_2015_23.jpg\" alt=\"\" class=\"wp-image-617\" srcset=\"https:\/\/www.frauenhaus-steyr.at\/wordpress\/wp-content\/uploads\/2023\/04\/Sommerfest_2015_23.jpg 650w, https:\/\/www.frauenhaus-steyr.at\/wordpress\/wp-content\/uploads\/2023\/04\/Sommerfest_2015_23-300x200.jpg 300w\" sizes=\"auto, (max-width: 650px) 100vw, 650px\" \/><\/figure>\n\n\n\n<figure class=\"wp-block-image size-large\"><img loading=\"lazy\" decoding=\"async\" width=\"650\" height=\"433\" data-id=\"612\" src=\"https:\/\/www.frauenhaus-steyr.at\/wordpress\/wp-content\/uploads\/2023\/04\/Sommerfest_2015_24.jpg\" alt=\"\" class=\"wp-image-612\" srcset=\"https:\/\/www.frauenhaus-steyr.at\/wordpress\/wp-content\/uploads\/2023\/04\/Sommerfest_2015_24.jpg 650w, https:\/\/www.frauenhaus-steyr.at\/wordpress\/wp-content\/uploads\/2023\/04\/Sommerfest_2015_24-300x200.jpg 300w\" sizes=\"auto, (max-width: 650px) 100vw, 650px\" \/><\/figure>\n\n\n\n<figure class=\"wp-block-image size-large\"><img loading=\"lazy\" decoding=\"async\" width=\"650\" height=\"433\" data-id=\"614\" src=\"https:\/\/www.frauenhaus-steyr.at\/wordpress\/wp-content\/uploads\/2023\/04\/Sommerfest_2015_25.jpg\" alt=\"\" class=\"wp-image-614\" srcset=\"https:\/\/www.frauenhaus-steyr.at\/wordpress\/wp-content\/uploads\/2023\/04\/Sommerfest_2015_25.jpg 650w, https:\/\/www.frauenhaus-steyr.at\/wordpress\/wp-content\/uploads\/2023\/04\/Sommerfest_2015_25-300x200.jpg 300w\" sizes=\"auto, (max-width: 650px) 100vw, 650px\" \/><\/figure>\n\n\n\n<figure class=\"wp-block-image size-large\"><img loading=\"lazy\" decoding=\"async\" width=\"650\" height=\"433\" data-id=\"613\" src=\"https:\/\/www.frauenhaus-steyr.at\/wordpress\/wp-content\/uploads\/2023\/04\/Sommerfest_2015_26.jpg\" alt=\"\" class=\"wp-image-613\" srcset=\"https:\/\/www.frauenhaus-steyr.at\/wordpress\/wp-content\/uploads\/2023\/04\/Sommerfest_2015_26.jpg 650w, https:\/\/www.frauenhaus-steyr.at\/wordpress\/wp-content\/uploads\/2023\/04\/Sommerfest_2015_26-300x200.jpg 300w\" sizes=\"auto, (max-width: 650px) 100vw, 650px\" \/><\/figure>\n\n\n\n<figure class=\"wp-block-image size-large\"><img loading=\"lazy\" decoding=\"async\" width=\"650\" height=\"433\" data-id=\"609\" src=\"https:\/\/www.frauenhaus-steyr.at\/wordpress\/wp-content\/uploads\/2023\/04\/Sommerfest_2015_27.jpg\" alt=\"\" class=\"wp-image-609\" srcset=\"https:\/\/www.frauenhaus-steyr.at\/wordpress\/wp-content\/uploads\/2023\/04\/Sommerfest_2015_27.jpg 650w, https:\/\/www.frauenhaus-steyr.at\/wordpress\/wp-content\/uploads\/2023\/04\/Sommerfest_2015_27-300x200.jpg 300w\" sizes=\"auto, (max-width: 650px) 100vw, 650px\" \/><\/figure>\n\n\n\n<figure class=\"wp-block-image size-large\"><img loading=\"lazy\" decoding=\"async\" width=\"650\" height=\"433\" data-id=\"608\" src=\"https:\/\/www.frauenhaus-steyr.at\/wordpress\/wp-content\/uploads\/2023\/04\/Sommerfest_2015_28.jpg\" alt=\"\" class=\"wp-image-608\" srcset=\"https:\/\/www.frauenhaus-steyr.at\/wordpress\/wp-content\/uploads\/2023\/04\/Sommerfest_2015_28.jpg 650w, https:\/\/www.frauenhaus-steyr.at\/wordpress\/wp-content\/uploads\/2023\/04\/Sommerfest_2015_28-300x200.jpg 300w\" sizes=\"auto, (max-width: 650px) 100vw, 650px\" \/><\/figure>\n\n\n\n<figure class=\"wp-block-image size-large\"><img loading=\"lazy\" decoding=\"async\" width=\"650\" height=\"433\" data-id=\"611\" src=\"https:\/\/www.frauenhaus-steyr.at\/wordpress\/wp-content\/uploads\/2023\/04\/Sommerfest_2015_29.jpg\" alt=\"\" class=\"wp-image-611\" srcset=\"https:\/\/www.frauenhaus-steyr.at\/wordpress\/wp-content\/uploads\/2023\/04\/Sommerfest_2015_29.jpg 650w, https:\/\/www.frauenhaus-steyr.at\/wordpress\/wp-content\/uploads\/2023\/04\/Sommerfest_2015_29-300x200.jpg 300w\" sizes=\"auto, (max-width: 650px) 100vw, 650px\" \/><\/figure>\n\n\n\n<figure class=\"wp-block-image size-large\"><img loading=\"lazy\" decoding=\"async\" width=\"650\" height=\"433\" data-id=\"616\" src=\"https:\/\/www.frauenhaus-steyr.at\/wordpress\/wp-content\/uploads\/2023\/04\/Sommerfest_2015_30.jpg\" alt=\"\" class=\"wp-image-616\" srcset=\"https:\/\/www.frauenhaus-steyr.at\/wordpress\/wp-content\/uploads\/2023\/04\/Sommerfest_2015_30.jpg 650w, https:\/\/www.frauenhaus-steyr.at\/wordpress\/wp-content\/uploads\/2023\/04\/Sommerfest_2015_30-300x200.jpg 300w\" sizes=\"auto, (max-width: 650px) 100vw, 650px\" \/><\/figure>\n\n\n\n<figure class=\"wp-block-image size-large\"><img loading=\"lazy\" decoding=\"async\" width=\"650\" height=\"433\" data-id=\"610\" src=\"https:\/\/www.frauenhaus-steyr.at\/wordpress\/wp-content\/uploads\/2023\/04\/Sommerfest_2015_31.jpg\" alt=\"\" class=\"wp-image-610\" srcset=\"https:\/\/www.frauenhaus-steyr.at\/wordpress\/wp-content\/uploads\/2023\/04\/Sommerfest_2015_31.jpg 650w, https:\/\/www.frauenhaus-steyr.at\/wordpress\/wp-content\/uploads\/2023\/04\/Sommerfest_2015_31-300x200.jpg 300w\" sizes=\"auto, (max-width: 650px) 100vw, 650px\" \/><\/figure>\n<\/figure>\n","protected":false},"excerpt":{"rendered":"<p>Juli 2015 Im Juli fand wieder das allj\u00e4hrliche Sommerfest statt. Diesmal mit kreativer Unterst\u00fctzung der Singgruppe der pro mente. Danke an alle, die tatkr\u00e4ftig mitgeholfen und mitgefeiert haben!<\/p>\n","protected":false},"author":3,"featured_media":0,"comment_status":"closed","ping_status":"open","sticky":false,"template":"","format":"standard","meta":{"advgb_blocks_editor_width":"","advgb_blocks_columns_visual_guide":"","_coblocks_attr":"","_coblocks_dimensions":"","_coblocks_responsive_height":"","_coblocks_accordion_ie_support":"","site-sidebar-layout":"default","site-content-layout":"default","ast-global-header-display":"","ast-main-header-display":"","ast-hfb-above-header-display":"","ast-hfb-below-header-display":"","ast-hfb-mobile-header-display":"","site-post-title":"","ast-breadcrumbs-content":"","ast-featured-img":"","footer-sml-layout":"","theme-transparent-header-meta":"","adv-header-id-meta":"","stick-header-meta":"","header-above-stick-meta":"","header-main-stick-meta":"","header-below-stick-meta":"","footnotes":""},"categories":[8],"tags":[],"class_list":["post-586","post","type-post","status-publish","format-standard","hentry","category-veranstaltungen-fotos"],"author_meta":{"display_name":"Frauenhaus","author_link":"https:\/\/www.frauenhaus-steyr.at\/wordpress\/author\/frauenhaus\/"},"featured_img":null,"coauthors":[],"tax_additional":{"categories":{"linked":["<a href=\"https:\/\/www.frauenhaus-steyr.at\/wordpress\/category\/veranstaltungen-fotos\/\" class=\"advgb-post-tax-term\">Veranstaltungen &amp; Fotos<\/a>"],"unlinked":["<span class=\"advgb-post-tax-term\">Veranstaltungen &amp; Fotos<\/span>"]}},"comment_count":"0","relative_dates":{"created":"Posted 3\u00a0Jahren ago","modified":"Updated 3\u00a0Jahren ago"},"absolute_dates":{"created":"Posted on April 16, 2023","modified":"Updated on Juli 15, 2023"},"absolute_dates_time":{"created":"Posted on April 16, 2023 6:04 p.m.","modified":"Updated on Juli 15, 2023 5:58 a.m."},"featured_img_caption":"","series_order":"","_links":{"self":[{"href":"https:\/\/www.frauenhaus-steyr.at\/wordpress\/wp-json\/wp\/v2\/posts\/586","targetHints":{"allow":["GET"]}}],"collection":[{"href":"https:\/\/www.frauenhaus-steyr.at\/wordpress\/wp-json\/wp\/v2\/posts"}],"about":[{"href":"https:\/\/www.frauenhaus-steyr.at\/wordpress\/wp-json\/wp\/v2\/types\/post"}],"author":[{"embeddable":true,"href":"https:\/\/www.frauenhaus-steyr.at\/wordpress\/wp-json\/wp\/v2\/users\/3"}],"replies":[{"embeddable":true,"href":"https:\/\/www.frauenhaus-steyr.at\/wordpress\/wp-json\/wp\/v2\/comments?post=586"}],"version-history":[{"count":2,"href":"https:\/\/www.frauenhaus-steyr.at\/wordpress\/wp-json\/wp\/v2\/posts\/586\/revisions"}],"predecessor-version":[{"id":1327,"href":"https:\/\/www.frauenhaus-steyr.at\/wordpress\/wp-json\/wp\/v2\/posts\/586\/revisions\/1327"}],"wp:attachment":[{"href":"https:\/\/www.frauenhaus-steyr.at\/wordpress\/wp-json\/wp\/v2\/media?parent=586"}],"wp:term":[{"taxonomy":"category","embeddable":true,"href":"https:\/\/www.frauenhaus-steyr.at\/wordpress\/wp-json\/wp\/v2\/categories?post=586"},{"taxonomy":"post_tag","embeddable":true,"href":"https:\/\/www.frauenhaus-steyr.at\/wordpress\/wp-json\/wp\/v2\/tags?post=586"}],"curies":[{"name":"wp","href":"https:\/\/api.w.org\/{rel}","templated":true}]}}