{"id":576,"date":"2023-04-16T18:00:23","date_gmt":"2023-04-16T18:00:23","guid":{"rendered":"https:\/\/www.frauenhaus-steyr.at\/wordpress\/?p=576"},"modified":"2023-07-15T05:56:18","modified_gmt":"2023-07-15T05:56:18","slug":"buendnis-8-maerz-2","status":"publish","type":"post","link":"https:\/\/www.frauenhaus-steyr.at\/wordpress\/2023\/04\/buendnis-8-maerz-2\/","title":{"rendered":"2015: B\u00fcndnis 8. M\u00e4rz"},"content":{"rendered":"\n<p>M\u00e4rz 2015<\/p>\n\n\n\n<p>Das B\u00fcndnis 8. M\u00e4rz ist ein Zusammenschluss vieler Vereine und Einrichtungen mit dem Ziel, die Veranstaltungen zum Weltfrauentag am 8. M\u00e4rz zu koordinieren und zu organisieren. Auch 2015 wurde im Rahmen einer gro\u00dfen Veranstaltung im Stadtkino informiert \u00fcber Steyrer Einrichtungen, die Unterst\u00fctzung f\u00fcr Frauen anbieten. Im Anschluss wurde ein Film gezeigt.<\/p>\n\n\n\n<figure class=\"wp-block-gallery has-nested-images columns-default is-cropped wp-block-gallery-1 is-layout-flex wp-block-gallery-is-layout-flex\">\n<figure class=\"wp-block-image size-large\"><img loading=\"lazy\" decoding=\"async\" width=\"800\" height=\"533\" data-id=\"577\" src=\"https:\/\/www.frauenhaus-steyr.at\/wordpress\/wp-content\/uploads\/2023\/04\/8-Maerz_2015_1.jpg\" alt=\"\" class=\"wp-image-577\" srcset=\"https:\/\/www.frauenhaus-steyr.at\/wordpress\/wp-content\/uploads\/2023\/04\/8-Maerz_2015_1.jpg 800w, https:\/\/www.frauenhaus-steyr.at\/wordpress\/wp-content\/uploads\/2023\/04\/8-Maerz_2015_1-300x200.jpg 300w, https:\/\/www.frauenhaus-steyr.at\/wordpress\/wp-content\/uploads\/2023\/04\/8-Maerz_2015_1-768x512.jpg 768w\" sizes=\"auto, (max-width: 800px) 100vw, 800px\" \/><\/figure>\n\n\n\n<figure class=\"wp-block-image size-large\"><img loading=\"lazy\" decoding=\"async\" width=\"800\" height=\"720\" data-id=\"582\" src=\"https:\/\/www.frauenhaus-steyr.at\/wordpress\/wp-content\/uploads\/2023\/04\/8-Maerz_2015_2.jpg\" alt=\"\" class=\"wp-image-582\" srcset=\"https:\/\/www.frauenhaus-steyr.at\/wordpress\/wp-content\/uploads\/2023\/04\/8-Maerz_2015_2.jpg 800w, https:\/\/www.frauenhaus-steyr.at\/wordpress\/wp-content\/uploads\/2023\/04\/8-Maerz_2015_2-300x270.jpg 300w, https:\/\/www.frauenhaus-steyr.at\/wordpress\/wp-content\/uploads\/2023\/04\/8-Maerz_2015_2-768x691.jpg 768w\" sizes=\"auto, (max-width: 800px) 100vw, 800px\" \/><\/figure>\n\n\n\n<figure class=\"wp-block-image size-large\"><img loading=\"lazy\" decoding=\"async\" width=\"800\" height=\"620\" data-id=\"579\" src=\"https:\/\/www.frauenhaus-steyr.at\/wordpress\/wp-content\/uploads\/2023\/04\/8-Maerz_2015_3.jpg\" alt=\"\" class=\"wp-image-579\" srcset=\"https:\/\/www.frauenhaus-steyr.at\/wordpress\/wp-content\/uploads\/2023\/04\/8-Maerz_2015_3.jpg 800w, https:\/\/www.frauenhaus-steyr.at\/wordpress\/wp-content\/uploads\/2023\/04\/8-Maerz_2015_3-300x233.jpg 300w, https:\/\/www.frauenhaus-steyr.at\/wordpress\/wp-content\/uploads\/2023\/04\/8-Maerz_2015_3-768x595.jpg 768w\" sizes=\"auto, (max-width: 800px) 100vw, 800px\" \/><\/figure>\n\n\n\n<figure class=\"wp-block-image size-large\"><img loading=\"lazy\" decoding=\"async\" width=\"800\" height=\"556\" data-id=\"584\" src=\"https:\/\/www.frauenhaus-steyr.at\/wordpress\/wp-content\/uploads\/2023\/04\/8-Maerz_2015_4.jpg\" alt=\"\" class=\"wp-image-584\" srcset=\"https:\/\/www.frauenhaus-steyr.at\/wordpress\/wp-content\/uploads\/2023\/04\/8-Maerz_2015_4.jpg 800w, https:\/\/www.frauenhaus-steyr.at\/wordpress\/wp-content\/uploads\/2023\/04\/8-Maerz_2015_4-300x209.jpg 300w, https:\/\/www.frauenhaus-steyr.at\/wordpress\/wp-content\/uploads\/2023\/04\/8-Maerz_2015_4-768x534.jpg 768w\" sizes=\"auto, (max-width: 800px) 100vw, 800px\" \/><\/figure>\n\n\n\n<figure class=\"wp-block-image size-large\"><img loading=\"lazy\" decoding=\"async\" width=\"800\" height=\"533\" data-id=\"581\" src=\"https:\/\/www.frauenhaus-steyr.at\/wordpress\/wp-content\/uploads\/2023\/04\/8-Maerz_2015_5.jpg\" alt=\"\" class=\"wp-image-581\" srcset=\"https:\/\/www.frauenhaus-steyr.at\/wordpress\/wp-content\/uploads\/2023\/04\/8-Maerz_2015_5.jpg 800w, https:\/\/www.frauenhaus-steyr.at\/wordpress\/wp-content\/uploads\/2023\/04\/8-Maerz_2015_5-300x200.jpg 300w, https:\/\/www.frauenhaus-steyr.at\/wordpress\/wp-content\/uploads\/2023\/04\/8-Maerz_2015_5-768x512.jpg 768w\" sizes=\"auto, (max-width: 800px) 100vw, 800px\" \/><\/figure>\n\n\n\n<figure class=\"wp-block-image size-large\"><img loading=\"lazy\" decoding=\"async\" width=\"800\" height=\"533\" data-id=\"578\" src=\"https:\/\/www.frauenhaus-steyr.at\/wordpress\/wp-content\/uploads\/2023\/04\/8-Maerz_2015_6.jpg\" alt=\"\" class=\"wp-image-578\" srcset=\"https:\/\/www.frauenhaus-steyr.at\/wordpress\/wp-content\/uploads\/2023\/04\/8-Maerz_2015_6.jpg 800w, https:\/\/www.frauenhaus-steyr.at\/wordpress\/wp-content\/uploads\/2023\/04\/8-Maerz_2015_6-300x200.jpg 300w, https:\/\/www.frauenhaus-steyr.at\/wordpress\/wp-content\/uploads\/2023\/04\/8-Maerz_2015_6-768x512.jpg 768w\" sizes=\"auto, (max-width: 800px) 100vw, 800px\" \/><\/figure>\n\n\n\n<figure class=\"wp-block-image size-large\"><img loading=\"lazy\" decoding=\"async\" width=\"800\" height=\"680\" data-id=\"580\" src=\"https:\/\/www.frauenhaus-steyr.at\/wordpress\/wp-content\/uploads\/2023\/04\/8-Maerz_2015_7.jpg\" alt=\"\" class=\"wp-image-580\" srcset=\"https:\/\/www.frauenhaus-steyr.at\/wordpress\/wp-content\/uploads\/2023\/04\/8-Maerz_2015_7.jpg 800w, https:\/\/www.frauenhaus-steyr.at\/wordpress\/wp-content\/uploads\/2023\/04\/8-Maerz_2015_7-300x255.jpg 300w, https:\/\/www.frauenhaus-steyr.at\/wordpress\/wp-content\/uploads\/2023\/04\/8-Maerz_2015_7-768x653.jpg 768w\" sizes=\"auto, (max-width: 800px) 100vw, 800px\" \/><\/figure>\n\n\n\n<figure class=\"wp-block-image size-large\"><img loading=\"lazy\" decoding=\"async\" width=\"800\" height=\"619\" data-id=\"583\" src=\"https:\/\/www.frauenhaus-steyr.at\/wordpress\/wp-content\/uploads\/2023\/04\/8-Maerz_2015_8.jpg\" alt=\"\" class=\"wp-image-583\" srcset=\"https:\/\/www.frauenhaus-steyr.at\/wordpress\/wp-content\/uploads\/2023\/04\/8-Maerz_2015_8.jpg 800w, https:\/\/www.frauenhaus-steyr.at\/wordpress\/wp-content\/uploads\/2023\/04\/8-Maerz_2015_8-300x232.jpg 300w, https:\/\/www.frauenhaus-steyr.at\/wordpress\/wp-content\/uploads\/2023\/04\/8-Maerz_2015_8-768x594.jpg 768w\" sizes=\"auto, (max-width: 800px) 100vw, 800px\" \/><\/figure>\n<\/figure>\n","protected":false},"excerpt":{"rendered":"<p>M\u00e4rz 2015 Das B\u00fcndnis 8. M\u00e4rz ist ein Zusammenschluss vieler Vereine und Einrichtungen mit dem Ziel, die Veranstaltungen zum Weltfrauentag am 8. M\u00e4rz zu koordinieren und zu organisieren. Auch 2015 wurde im Rahmen einer gro\u00dfen Veranstaltung im Stadtkino informiert \u00fcber Steyrer Einrichtungen, die Unterst\u00fctzung f\u00fcr Frauen anbieten. Im Anschluss wurde ein Film gezeigt.<\/p>\n","protected":false},"author":3,"featured_media":0,"comment_status":"closed","ping_status":"open","sticky":false,"template":"","format":"standard","meta":{"advgb_blocks_editor_width":"","advgb_blocks_columns_visual_guide":"","_coblocks_attr":"","_coblocks_dimensions":"","_coblocks_responsive_height":"","_coblocks_accordion_ie_support":"","site-sidebar-layout":"default","site-content-layout":"default","ast-global-header-display":"","ast-main-header-display":"","ast-hfb-above-header-display":"","ast-hfb-below-header-display":"","ast-hfb-mobile-header-display":"","site-post-title":"","ast-breadcrumbs-content":"","ast-featured-img":"","footer-sml-layout":"","theme-transparent-header-meta":"","adv-header-id-meta":"","stick-header-meta":"","header-above-stick-meta":"","header-main-stick-meta":"","header-below-stick-meta":"","footnotes":""},"categories":[8],"tags":[],"class_list":["post-576","post","type-post","status-publish","format-standard","hentry","category-veranstaltungen-fotos"],"author_meta":{"display_name":"Frauenhaus","author_link":"https:\/\/www.frauenhaus-steyr.at\/wordpress\/author\/frauenhaus\/"},"featured_img":null,"coauthors":[],"tax_additional":{"categories":{"linked":["<a href=\"https:\/\/www.frauenhaus-steyr.at\/wordpress\/category\/veranstaltungen-fotos\/\" class=\"advgb-post-tax-term\">Veranstaltungen &amp; Fotos<\/a>"],"unlinked":["<span class=\"advgb-post-tax-term\">Veranstaltungen &amp; Fotos<\/span>"]}},"comment_count":"0","relative_dates":{"created":"Posted 3\u00a0Jahren ago","modified":"Updated 3\u00a0Jahren ago"},"absolute_dates":{"created":"Posted on April 16, 2023","modified":"Updated on Juli 15, 2023"},"absolute_dates_time":{"created":"Posted on April 16, 2023 6:00 p.m.","modified":"Updated on Juli 15, 2023 5:56 a.m."},"featured_img_caption":"","series_order":"","_links":{"self":[{"href":"https:\/\/www.frauenhaus-steyr.at\/wordpress\/wp-json\/wp\/v2\/posts\/576","targetHints":{"allow":["GET"]}}],"collection":[{"href":"https:\/\/www.frauenhaus-steyr.at\/wordpress\/wp-json\/wp\/v2\/posts"}],"about":[{"href":"https:\/\/www.frauenhaus-steyr.at\/wordpress\/wp-json\/wp\/v2\/types\/post"}],"author":[{"embeddable":true,"href":"https:\/\/www.frauenhaus-steyr.at\/wordpress\/wp-json\/wp\/v2\/users\/3"}],"replies":[{"embeddable":true,"href":"https:\/\/www.frauenhaus-steyr.at\/wordpress\/wp-json\/wp\/v2\/comments?post=576"}],"version-history":[{"count":2,"href":"https:\/\/www.frauenhaus-steyr.at\/wordpress\/wp-json\/wp\/v2\/posts\/576\/revisions"}],"predecessor-version":[{"id":1082,"href":"https:\/\/www.frauenhaus-steyr.at\/wordpress\/wp-json\/wp\/v2\/posts\/576\/revisions\/1082"}],"wp:attachment":[{"href":"https:\/\/www.frauenhaus-steyr.at\/wordpress\/wp-json\/wp\/v2\/media?parent=576"}],"wp:term":[{"taxonomy":"category","embeddable":true,"href":"https:\/\/www.frauenhaus-steyr.at\/wordpress\/wp-json\/wp\/v2\/categories?post=576"},{"taxonomy":"post_tag","embeddable":true,"href":"https:\/\/www.frauenhaus-steyr.at\/wordpress\/wp-json\/wp\/v2\/tags?post=576"}],"curies":[{"name":"wp","href":"https:\/\/api.w.org\/{rel}","templated":true}]}}