{"id":2388,"date":"2026-04-21T08:29:10","date_gmt":"2026-04-21T08:29:10","guid":{"rendered":"https:\/\/www.frauenhaus-steyr.at\/wordpress\/?p=2388"},"modified":"2026-04-21T08:29:10","modified_gmt":"2026-04-21T08:29:10","slug":"2026-internationaler-frauentag-in-steyr","status":"publish","type":"post","link":"https:\/\/www.frauenhaus-steyr.at\/wordpress\/2026\/04\/2026-internationaler-frauentag-in-steyr\/","title":{"rendered":"2026: Internationaler Frauentag in Steyr"},"content":{"rendered":"\n<p>Februar 2026<\/p>\n\n\n\n<p><strong>\u201eB\u00fcndnis 8. M\u00e4rz\u201c l\u00e4dt zum Kinoabend am 4. M\u00e4rz<\/strong><\/p>\n\n\n\n<p>Anl\u00e4sslich des Internationalen Frauentages organisiert das Steyrer \u201eB\u00fcndnis 8. M\u00e4rz\u201c eine Veranstaltung f\u00fcr und von Frauen. Sie laden am 4. M\u00e4rz zu einem Kinoabend im City Kino, bei dem um 19 Uhr der Film \u201eMorgen ist auch noch ein Tag\u201c gezeigt wird. Bereits ab 17 Uhr gibt es ein Come Together mit Informationen und Kulinarik, bei dem sich Frauen austauschen und in gem\u00fctlicher Atmosph\u00e4re \u00fcber die Angebote der B\u00fcndnispartnerinnen informieren k\u00f6nnen.&nbsp;<\/p>\n\n\n\n<p>Steyrer Frauen erwartet ein abwechslungsreicher Abend, bei dem sich Freundinnen treffen, Frauen sich in angenehmer Atmosph\u00e4re austauschen und kostenlos einen Kinoabend genie\u00dfen k\u00f6nnen. Der Film \u201eMorgen ist auch noch ein Tag\u201c erz\u00e4hlt von den Schritten im Leben von Frauen auf dem Weg zur Emanzipation und ist zugleich Drama und Kom\u00f6die mit Humor, weiblicher Solidarit\u00e4t und \u00fcberkommenen Rollenvorstellungen.&nbsp;<\/p>\n\n\n\n<p><strong>Frauentag: Symbol f\u00fcr unsere Verantwortung als Gesellschaft und Politik<\/strong><\/p>\n\n\n\n<p>Der 8. M\u00e4rz ist der Internationale Frauentag. Seine Geschichte reicht zur\u00fcck bis in die Anf\u00e4nge des 20. Jahrhunderts. Der 8. M\u00e4rz entwickelte sich zu einem Tag der Frauensolidarit\u00e4t zwischen Frauen aller Schichten und politischer Ausrichtungen, um auf die Anliegen von Frauen aufmerksam zu machen.&nbsp;<\/p>\n\n\n\n<p>Und es gibt noch viel zu tun. Die Wirtschaftsstruktur in der Region Steyr-Kirchdorf ist mit einem Anteil von 53 Prozent vom industriell-gewerblichen Sektor gepr\u00e4gt, der Anteil weiblicher Besch\u00e4ftigter im Produktionssektor betr\u00e4gt 23,7 Prozent. Tats\u00e4chlich bestehen deutliche geschlechtsspezifische Einkommensunterschiede: Das durchschnittliche Vollzeiteinkommen von Frauen in der Industrie in der Region liegt 26,3 Prozent unter dem Einkommen von M\u00e4nnern. Die geschlechtsspezifischen Einkommensunterschiede in der Industrie der Region Steyr-Kirchdorf \u00fcbersteigen somit deutlich den \u00f6sterreichweiten Vergleichswert von 22,5 Prozent. &nbsp;<\/p>\n\n\n\n<p>\u201eWir haben es mit diesen Zahlen schwarz auf wei\u00df, dass unsere Forderung nach gleichem Lohn f\u00fcr gleiche Arbeit weiterhin dringende Berechtigung hat. Mehr Lohntransparenz und damit eine bessere Vergleichbarkeit des Einkommens wird hier weiter Klarheit schaffen\u201c, Stadtr\u00e4tin Katrin Auer.<\/p>\n\n\n\n<p><strong>Das Steyrer \u201eB\u00fcndnis 8. M\u00e4rz\u201c:<\/strong><\/p>\n\n\n\n<p>Das Steyrer \u201eB\u00fcndnis 8. M\u00e4rz\u201c ist ein Zusammenschluss von Organisationen und Einrichtungen, die sich f\u00fcr Frauenthemen engagieren und in Steyr gemeinsam den Internationalen Frauentag feiern. Mitglieder des \u201eB\u00fcndnis 8. M\u00e4rz\u201c sind: Stadtr\u00e4tin Katrin Auer als Vertreterin der Stadt Steyr, Gemeinder\u00e4tin Judith Ringer f\u00fcr den Ausschuss f\u00fcr Frauenangelegenheiten und Gleichbehandlungsfragen, Gesundheits- und Sozialservice der Stadt Steyr (GSS), Frauenhaus Steyr, Gewaltschutzzentrum Linz, Frauenstiftung Steyr, Treffpunkt Mensch &amp; Arbeit, Citypastoral Steyr, Treffpunkt Dominikanerhaus, Caritas Integrationszentrum Parapl\u00fc, Weltladen Steyr, Zukunftsregion Steyr, MeinBezirk &#8211; Mein Steyr und Steyr-Land, AMS Steyr, Volkshochschule, Museum Arbeitswelt, Soroptimist International \u2013 Club Steyr, Omas gegen rechts, \u00d6GB Frauen, SP\u00d6O Frauen, O\u00d6VP Frauen, Die Gr\u00fcnen Frauen O\u00d6.<\/p>\n\n\n\n<p>Quelle: steyr.at<\/p>\n","protected":false},"excerpt":{"rendered":"<p>Februar 2026 \u201eB\u00fcndnis 8. M\u00e4rz\u201c l\u00e4dt zum Kinoabend am 4. M\u00e4rz Anl\u00e4sslich des Internationalen Frauentages organisiert das Steyrer \u201eB\u00fcndnis 8. M\u00e4rz\u201c eine Veranstaltung f\u00fcr und von Frauen. Sie laden am 4. M\u00e4rz zu einem Kinoabend im City Kino, bei dem um 19 Uhr der Film \u201eMorgen ist auch noch ein Tag\u201c gezeigt wird. Bereits ab &hellip;<\/p>\n<p class=\"read-more\"> <a class=\"\" href=\"https:\/\/www.frauenhaus-steyr.at\/wordpress\/2026\/04\/2026-internationaler-frauentag-in-steyr\/\"> <span class=\"screen-reader-text\">2026: Internationaler Frauentag in Steyr<\/span> Weiterlesen &raquo;<\/a><\/p>\n","protected":false},"author":3,"featured_media":0,"comment_status":"closed","ping_status":"open","sticky":false,"template":"","format":"standard","meta":{"advgb_blocks_editor_width":"","advgb_blocks_columns_visual_guide":"","_coblocks_attr":"","_coblocks_dimensions":"","_coblocks_responsive_height":"","_coblocks_accordion_ie_support":"","site-sidebar-layout":"default","site-content-layout":"default","ast-global-header-display":"","ast-main-header-display":"","ast-hfb-above-header-display":"","ast-hfb-below-header-display":"","ast-hfb-mobile-header-display":"","site-post-title":"","ast-breadcrumbs-content":"","ast-featured-img":"","footer-sml-layout":"","theme-transparent-header-meta":"","adv-header-id-meta":"","stick-header-meta":"","header-above-stick-meta":"","header-main-stick-meta":"","header-below-stick-meta":"","footnotes":""},"categories":[13,5],"tags":[],"class_list":["post-2388","post","type-post","status-publish","format-standard","hentry","category-aktuelles","category-presse"],"author_meta":{"display_name":"Frauenhaus","author_link":"https:\/\/www.frauenhaus-steyr.at\/wordpress\/author\/frauenhaus\/"},"featured_img":null,"coauthors":[],"tax_additional":{"categories":{"linked":["<a href=\"https:\/\/www.frauenhaus-steyr.at\/wordpress\/category\/aktuelles\/\" class=\"advgb-post-tax-term\">Aktuelles<\/a>","<a href=\"https:\/\/www.frauenhaus-steyr.at\/wordpress\/category\/presse\/\" class=\"advgb-post-tax-term\">Presse<\/a>"],"unlinked":["<span class=\"advgb-post-tax-term\">Aktuelles<\/span>","<span class=\"advgb-post-tax-term\">Presse<\/span>"]}},"comment_count":"0","relative_dates":{"created":"Posted 1\u00a0Woche ago","modified":"Updated 1\u00a0Woche ago"},"absolute_dates":{"created":"Posted on April 21, 2026","modified":"Updated on April 21, 2026"},"absolute_dates_time":{"created":"Posted on April 21, 2026 8:29 a.m.","modified":"Updated on April 21, 2026 8:29 a.m."},"featured_img_caption":"","series_order":"","_links":{"self":[{"href":"https:\/\/www.frauenhaus-steyr.at\/wordpress\/wp-json\/wp\/v2\/posts\/2388","targetHints":{"allow":["GET"]}}],"collection":[{"href":"https:\/\/www.frauenhaus-steyr.at\/wordpress\/wp-json\/wp\/v2\/posts"}],"about":[{"href":"https:\/\/www.frauenhaus-steyr.at\/wordpress\/wp-json\/wp\/v2\/types\/post"}],"author":[{"embeddable":true,"href":"https:\/\/www.frauenhaus-steyr.at\/wordpress\/wp-json\/wp\/v2\/users\/3"}],"replies":[{"embeddable":true,"href":"https:\/\/www.frauenhaus-steyr.at\/wordpress\/wp-json\/wp\/v2\/comments?post=2388"}],"version-history":[{"count":1,"href":"https:\/\/www.frauenhaus-steyr.at\/wordpress\/wp-json\/wp\/v2\/posts\/2388\/revisions"}],"predecessor-version":[{"id":2389,"href":"https:\/\/www.frauenhaus-steyr.at\/wordpress\/wp-json\/wp\/v2\/posts\/2388\/revisions\/2389"}],"wp:attachment":[{"href":"https:\/\/www.frauenhaus-steyr.at\/wordpress\/wp-json\/wp\/v2\/media?parent=2388"}],"wp:term":[{"taxonomy":"category","embeddable":true,"href":"https:\/\/www.frauenhaus-steyr.at\/wordpress\/wp-json\/wp\/v2\/categories?post=2388"},{"taxonomy":"post_tag","embeddable":true,"href":"https:\/\/www.frauenhaus-steyr.at\/wordpress\/wp-json\/wp\/v2\/tags?post=2388"}],"curies":[{"name":"wp","href":"https:\/\/api.w.org\/{rel}","templated":true}]}}