{"id":2094,"date":"2024-07-15T14:28:34","date_gmt":"2024-07-15T14:28:34","guid":{"rendered":"https:\/\/www.frauenhaus-steyr.at\/wordpress\/?p=2094"},"modified":"2025-01-17T08:27:46","modified_gmt":"2025-01-17T08:27:46","slug":"2024-sommerfest-im-frauenhaus-steyr2024","status":"publish","type":"post","link":"https:\/\/www.frauenhaus-steyr.at\/wordpress\/2024\/07\/2024-sommerfest-im-frauenhaus-steyr2024\/","title":{"rendered":"2024: Sommerfest im Frauenhaus Steyr2024:"},"content":{"rendered":"\n<p>Juni 2024<\/p>\n\n\n\n<p>STEYR. Bei herrlichem Wetter und in bester Stimmung wurde im Garten des Frauenhauses Steyr das Sommerfest gefeiert.<\/p>\n\n\n\n<p>\u201eWir freuen uns, viele G\u00e4ste bei uns im Garten begr\u00fc\u00dfen zu d\u00fcrfen! Ein wirklich guter Anlass, Danke zu sagen an alle, die uns das ganze Jahr unterst\u00fctzen durch gute Zusammenarbeit f\u00fcr die Frauen und Kinder. Danke auch an alle, die uns mit Spenden unterst\u00fctzen. Es wird eines der letzten Feste sein, bevor wir das neue Haus am Tabor beziehen werden.\u201c, freut sich Gabriele Sillipp, die Gesch\u00e4ftsf\u00fchrerin des Teams. In bew\u00e4hrter Manier sorgten die Frauen und M\u00e4nner der pro mente f\u00fcr Unterhaltung mit ihren Tanz- und Singeinlagen. \u201eDanke auch f\u00fcr die direkte Unterst\u00fctzung des Festes, f\u00fcr die kulinarischen Unterst\u00fctzungen f\u00fcr das Buffet und die Mithilfe. Allein vom Team w\u00e4re das Fest nicht zu bew\u00e4ltigen\u201c, so Frau Sillipp.<\/p>\n\n\n\n<figure class=\"wp-block-image size-full\"><img loading=\"lazy\" decoding=\"async\" width=\"626\" height=\"424\" src=\"https:\/\/www.frauenhaus-steyr.at\/wordpress\/wp-content\/uploads\/2024\/07\/image-4.png\" alt=\"\" class=\"wp-image-2096\" srcset=\"https:\/\/www.frauenhaus-steyr.at\/wordpress\/wp-content\/uploads\/2024\/07\/image-4.png 626w, https:\/\/www.frauenhaus-steyr.at\/wordpress\/wp-content\/uploads\/2024\/07\/image-4-300x203.png 300w\" sizes=\"auto, (max-width: 626px) 100vw, 626px\" \/><\/figure>\n\n\n\n<figure class=\"wp-block-image size-full\"><img loading=\"lazy\" decoding=\"async\" width=\"626\" height=\"414\" src=\"https:\/\/www.frauenhaus-steyr.at\/wordpress\/wp-content\/uploads\/2024\/07\/image-3.png\" alt=\"\" class=\"wp-image-2095\" srcset=\"https:\/\/www.frauenhaus-steyr.at\/wordpress\/wp-content\/uploads\/2024\/07\/image-3.png 626w, https:\/\/www.frauenhaus-steyr.at\/wordpress\/wp-content\/uploads\/2024\/07\/image-3-300x198.png 300w\" sizes=\"auto, (max-width: 626px) 100vw, 626px\" \/><\/figure>\n","protected":false},"excerpt":{"rendered":"<p>Juni 2024 STEYR. Bei herrlichem Wetter und in bester Stimmung wurde im Garten des Frauenhauses Steyr das Sommerfest gefeiert. \u201eWir freuen uns, viele G\u00e4ste bei uns im Garten begr\u00fc\u00dfen zu d\u00fcrfen! Ein wirklich guter Anlass, Danke zu sagen an alle, die uns das ganze Jahr unterst\u00fctzen durch gute Zusammenarbeit f\u00fcr die Frauen und Kinder. Danke &hellip;<\/p>\n<p class=\"read-more\"> <a class=\"\" href=\"https:\/\/www.frauenhaus-steyr.at\/wordpress\/2024\/07\/2024-sommerfest-im-frauenhaus-steyr2024\/\"> <span class=\"screen-reader-text\">2024: Sommerfest im Frauenhaus Steyr2024:<\/span> Weiterlesen &raquo;<\/a><\/p>\n","protected":false},"author":3,"featured_media":0,"comment_status":"closed","ping_status":"open","sticky":false,"template":"","format":"standard","meta":{"advgb_blocks_editor_width":"","advgb_blocks_columns_visual_guide":"","_coblocks_attr":"","_coblocks_dimensions":"","_coblocks_responsive_height":"","_coblocks_accordion_ie_support":"","site-sidebar-layout":"default","site-content-layout":"default","ast-global-header-display":"","ast-main-header-display":"","ast-hfb-above-header-display":"","ast-hfb-below-header-display":"","ast-hfb-mobile-header-display":"","site-post-title":"","ast-breadcrumbs-content":"","ast-featured-img":"","footer-sml-layout":"","theme-transparent-header-meta":"","adv-header-id-meta":"","stick-header-meta":"","header-above-stick-meta":"","header-main-stick-meta":"","header-below-stick-meta":"","footnotes":""},"categories":[5],"tags":[],"class_list":["post-2094","post","type-post","status-publish","format-standard","hentry","category-presse"],"author_meta":{"display_name":"Frauenhaus","author_link":"https:\/\/www.frauenhaus-steyr.at\/wordpress\/author\/frauenhaus\/"},"featured_img":null,"coauthors":[],"tax_additional":{"categories":{"linked":["<a href=\"https:\/\/www.frauenhaus-steyr.at\/wordpress\/category\/presse\/\" class=\"advgb-post-tax-term\">Presse<\/a>"],"unlinked":["<span class=\"advgb-post-tax-term\">Presse<\/span>"]}},"comment_count":"0","relative_dates":{"created":"Posted 2\u00a0Jahren ago","modified":"Updated 1\u00a0Jahr ago"},"absolute_dates":{"created":"Posted on Juli 15, 2024","modified":"Updated on Januar 17, 2025"},"absolute_dates_time":{"created":"Posted on Juli 15, 2024 2:28 p.m.","modified":"Updated on Januar 17, 2025 8:27 a.m."},"featured_img_caption":"","series_order":"","_links":{"self":[{"href":"https:\/\/www.frauenhaus-steyr.at\/wordpress\/wp-json\/wp\/v2\/posts\/2094","targetHints":{"allow":["GET"]}}],"collection":[{"href":"https:\/\/www.frauenhaus-steyr.at\/wordpress\/wp-json\/wp\/v2\/posts"}],"about":[{"href":"https:\/\/www.frauenhaus-steyr.at\/wordpress\/wp-json\/wp\/v2\/types\/post"}],"author":[{"embeddable":true,"href":"https:\/\/www.frauenhaus-steyr.at\/wordpress\/wp-json\/wp\/v2\/users\/3"}],"replies":[{"embeddable":true,"href":"https:\/\/www.frauenhaus-steyr.at\/wordpress\/wp-json\/wp\/v2\/comments?post=2094"}],"version-history":[{"count":1,"href":"https:\/\/www.frauenhaus-steyr.at\/wordpress\/wp-json\/wp\/v2\/posts\/2094\/revisions"}],"predecessor-version":[{"id":2097,"href":"https:\/\/www.frauenhaus-steyr.at\/wordpress\/wp-json\/wp\/v2\/posts\/2094\/revisions\/2097"}],"wp:attachment":[{"href":"https:\/\/www.frauenhaus-steyr.at\/wordpress\/wp-json\/wp\/v2\/media?parent=2094"}],"wp:term":[{"taxonomy":"category","embeddable":true,"href":"https:\/\/www.frauenhaus-steyr.at\/wordpress\/wp-json\/wp\/v2\/categories?post=2094"},{"taxonomy":"post_tag","embeddable":true,"href":"https:\/\/www.frauenhaus-steyr.at\/wordpress\/wp-json\/wp\/v2\/tags?post=2094"}],"curies":[{"name":"wp","href":"https:\/\/api.w.org\/{rel}","templated":true}]}}