{"id":2041,"date":"2024-03-29T13:06:54","date_gmt":"2024-03-29T13:06:54","guid":{"rendered":"https:\/\/www.frauenhaus-steyr.at\/wordpress\/?p=2041"},"modified":"2024-04-22T07:01:43","modified_gmt":"2024-04-22T07:01:43","slug":"2024-ostereierspende-vom-schuetzenverein","status":"publish","type":"post","link":"https:\/\/www.frauenhaus-steyr.at\/wordpress\/2024\/03\/2024-ostereierspende-vom-schuetzenverein\/","title":{"rendered":"2024: Ostereierspende vom Sch\u00fctzenverein"},"content":{"rendered":"\n<p>M\u00e4rz 2024<\/p>\n\n\n\n<p>Das Team des Frauenhauses Steyr bedankt sich f\u00fcr die Ostereierspende beim Sch\u00fctzenverein.<\/p>\n\n\n\n<figure class=\"wp-block-image size-large is-resized\"><img loading=\"lazy\" decoding=\"async\" width=\"768\" height=\"1024\" src=\"https:\/\/www.frauenhaus-steyr.at\/wordpress\/wp-content\/uploads\/2024\/03\/WhatsApp-Image-2024-03-29-at-14.01.15-768x1024.jpeg\" alt=\"\" class=\"wp-image-2042\" style=\"width:338px;height:auto\" srcset=\"https:\/\/www.frauenhaus-steyr.at\/wordpress\/wp-content\/uploads\/2024\/03\/WhatsApp-Image-2024-03-29-at-14.01.15-768x1024.jpeg 768w, https:\/\/www.frauenhaus-steyr.at\/wordpress\/wp-content\/uploads\/2024\/03\/WhatsApp-Image-2024-03-29-at-14.01.15-225x300.jpeg 225w, https:\/\/www.frauenhaus-steyr.at\/wordpress\/wp-content\/uploads\/2024\/03\/WhatsApp-Image-2024-03-29-at-14.01.15-1152x1536.jpeg 1152w, https:\/\/www.frauenhaus-steyr.at\/wordpress\/wp-content\/uploads\/2024\/03\/WhatsApp-Image-2024-03-29-at-14.01.15.jpeg 1536w\" sizes=\"auto, (max-width: 768px) 100vw, 768px\" \/><\/figure>\n\n\n\n<p>Foto Quelle: Frauenhaus Steyr<\/p>\n","protected":false},"excerpt":{"rendered":"<p>M\u00e4rz 2024 Das Team des Frauenhauses Steyr bedankt sich f\u00fcr die Ostereierspende beim Sch\u00fctzenverein. Foto Quelle: Frauenhaus Steyr<\/p>\n","protected":false},"author":3,"featured_media":0,"comment_status":"closed","ping_status":"open","sticky":false,"template":"","format":"standard","meta":{"advgb_blocks_editor_width":"","advgb_blocks_columns_visual_guide":"","_coblocks_attr":"","_coblocks_dimensions":"","_coblocks_responsive_height":"","_coblocks_accordion_ie_support":"","site-sidebar-layout":"default","site-content-layout":"default","ast-global-header-display":"","ast-main-header-display":"","ast-hfb-above-header-display":"","ast-hfb-below-header-display":"","ast-hfb-mobile-header-display":"","site-post-title":"","ast-breadcrumbs-content":"","ast-featured-img":"","footer-sml-layout":"","theme-transparent-header-meta":"","adv-header-id-meta":"","stick-header-meta":"","header-above-stick-meta":"","header-main-stick-meta":"","header-below-stick-meta":"","footnotes":""},"categories":[8],"tags":[],"class_list":["post-2041","post","type-post","status-publish","format-standard","hentry","category-veranstaltungen-fotos"],"author_meta":{"display_name":"Frauenhaus","author_link":"https:\/\/www.frauenhaus-steyr.at\/wordpress\/author\/frauenhaus\/"},"featured_img":null,"coauthors":[],"tax_additional":{"categories":{"linked":["<a href=\"https:\/\/www.frauenhaus-steyr.at\/wordpress\/category\/veranstaltungen-fotos\/\" class=\"advgb-post-tax-term\">Veranstaltungen &amp; Fotos<\/a>"],"unlinked":["<span class=\"advgb-post-tax-term\">Veranstaltungen &amp; Fotos<\/span>"]}},"comment_count":"0","relative_dates":{"created":"Posted 2\u00a0Jahren ago","modified":"Updated 2\u00a0Jahren ago"},"absolute_dates":{"created":"Posted on M\u00e4rz 29, 2024","modified":"Updated on April 22, 2024"},"absolute_dates_time":{"created":"Posted on M\u00e4rz 29, 2024 1:06 p.m.","modified":"Updated on April 22, 2024 7:01 a.m."},"featured_img_caption":"","series_order":"","_links":{"self":[{"href":"https:\/\/www.frauenhaus-steyr.at\/wordpress\/wp-json\/wp\/v2\/posts\/2041","targetHints":{"allow":["GET"]}}],"collection":[{"href":"https:\/\/www.frauenhaus-steyr.at\/wordpress\/wp-json\/wp\/v2\/posts"}],"about":[{"href":"https:\/\/www.frauenhaus-steyr.at\/wordpress\/wp-json\/wp\/v2\/types\/post"}],"author":[{"embeddable":true,"href":"https:\/\/www.frauenhaus-steyr.at\/wordpress\/wp-json\/wp\/v2\/users\/3"}],"replies":[{"embeddable":true,"href":"https:\/\/www.frauenhaus-steyr.at\/wordpress\/wp-json\/wp\/v2\/comments?post=2041"}],"version-history":[{"count":2,"href":"https:\/\/www.frauenhaus-steyr.at\/wordpress\/wp-json\/wp\/v2\/posts\/2041\/revisions"}],"predecessor-version":[{"id":2061,"href":"https:\/\/www.frauenhaus-steyr.at\/wordpress\/wp-json\/wp\/v2\/posts\/2041\/revisions\/2061"}],"wp:attachment":[{"href":"https:\/\/www.frauenhaus-steyr.at\/wordpress\/wp-json\/wp\/v2\/media?parent=2041"}],"wp:term":[{"taxonomy":"category","embeddable":true,"href":"https:\/\/www.frauenhaus-steyr.at\/wordpress\/wp-json\/wp\/v2\/categories?post=2041"},{"taxonomy":"post_tag","embeddable":true,"href":"https:\/\/www.frauenhaus-steyr.at\/wordpress\/wp-json\/wp\/v2\/tags?post=2041"}],"curies":[{"name":"wp","href":"https:\/\/api.w.org\/{rel}","templated":true}]}}