{"id":1937,"date":"2023-11-27T08:53:42","date_gmt":"2023-11-27T08:53:42","guid":{"rendered":"https:\/\/www.frauenhaus-steyr.at\/wordpress\/?p=1937"},"modified":"2023-12-22T11:45:52","modified_gmt":"2023-12-22T11:45:52","slug":"2023-podiumsdiskussion-heimat-bist-du-toter-toechter","status":"publish","type":"post","link":"https:\/\/www.frauenhaus-steyr.at\/wordpress\/2023\/11\/2023-podiumsdiskussion-heimat-bist-du-toter-toechter\/","title":{"rendered":"2023: Podiumsdiskussion: Heimat bist du toter T\u00f6chter"},"content":{"rendered":"\n<p>November 2023<\/p>\n\n\n\n<p>Lesung der Autorin Yvonne Widler aus ihrem Buch &#8222;Heimat bist du toter T\u00f6chter&#8220; und anschlie\u00dfende Podiumsdiskussion veranstaltet vom Soroptimist Club Steyr.<\/p>\n\n\n\n<figure class=\"wp-block-gallery has-nested-images columns-default is-cropped wp-block-gallery-1 is-layout-flex wp-block-gallery-is-layout-flex\">\n<figure class=\"wp-block-image size-large\"><img loading=\"lazy\" decoding=\"async\" width=\"925\" height=\"462\" data-id=\"1941\" src=\"https:\/\/www.frauenhaus-steyr.at\/wordpress\/wp-content\/uploads\/2023\/11\/2023_Podiumsdiskussion_1-1.png\" alt=\"\" class=\"wp-image-1941\" srcset=\"https:\/\/www.frauenhaus-steyr.at\/wordpress\/wp-content\/uploads\/2023\/11\/2023_Podiumsdiskussion_1-1.png 925w, https:\/\/www.frauenhaus-steyr.at\/wordpress\/wp-content\/uploads\/2023\/11\/2023_Podiumsdiskussion_1-1-300x150.png 300w, https:\/\/www.frauenhaus-steyr.at\/wordpress\/wp-content\/uploads\/2023\/11\/2023_Podiumsdiskussion_1-1-768x384.png 768w\" sizes=\"auto, (max-width: 925px) 100vw, 925px\" \/><\/figure>\n\n\n\n<figure class=\"wp-block-image size-large\"><img loading=\"lazy\" decoding=\"async\" width=\"1024\" height=\"473\" data-id=\"1942\" src=\"https:\/\/www.frauenhaus-steyr.at\/wordpress\/wp-content\/uploads\/2023\/11\/2023_Podiumsdiskussion_1.PNG-1024x473.jpg\" alt=\"\" class=\"wp-image-1942\" srcset=\"https:\/\/www.frauenhaus-steyr.at\/wordpress\/wp-content\/uploads\/2023\/11\/2023_Podiumsdiskussion_1.PNG-1024x473.jpg 1024w, https:\/\/www.frauenhaus-steyr.at\/wordpress\/wp-content\/uploads\/2023\/11\/2023_Podiumsdiskussion_1.PNG-300x138.jpg 300w, https:\/\/www.frauenhaus-steyr.at\/wordpress\/wp-content\/uploads\/2023\/11\/2023_Podiumsdiskussion_1.PNG-768x354.jpg 768w, https:\/\/www.frauenhaus-steyr.at\/wordpress\/wp-content\/uploads\/2023\/11\/2023_Podiumsdiskussion_1.PNG-1536x709.jpg 1536w, https:\/\/www.frauenhaus-steyr.at\/wordpress\/wp-content\/uploads\/2023\/11\/2023_Podiumsdiskussion_1.PNG.jpg 1599w\" sizes=\"auto, (max-width: 1024px) 100vw, 1024px\" \/><\/figure>\n\n\n\n<figure class=\"wp-block-image size-large\"><img loading=\"lazy\" decoding=\"async\" width=\"1024\" height=\"473\" data-id=\"1943\" src=\"https:\/\/www.frauenhaus-steyr.at\/wordpress\/wp-content\/uploads\/2023\/11\/2023_Podiumsdiskussion_2.PNG-1-1024x473.jpg\" alt=\"\" class=\"wp-image-1943\" srcset=\"https:\/\/www.frauenhaus-steyr.at\/wordpress\/wp-content\/uploads\/2023\/11\/2023_Podiumsdiskussion_2.PNG-1-1024x473.jpg 1024w, https:\/\/www.frauenhaus-steyr.at\/wordpress\/wp-content\/uploads\/2023\/11\/2023_Podiumsdiskussion_2.PNG-1-300x138.jpg 300w, https:\/\/www.frauenhaus-steyr.at\/wordpress\/wp-content\/uploads\/2023\/11\/2023_Podiumsdiskussion_2.PNG-1-768x354.jpg 768w, https:\/\/www.frauenhaus-steyr.at\/wordpress\/wp-content\/uploads\/2023\/11\/2023_Podiumsdiskussion_2.PNG-1-1536x709.jpg 1536w, https:\/\/www.frauenhaus-steyr.at\/wordpress\/wp-content\/uploads\/2023\/11\/2023_Podiumsdiskussion_2.PNG-1.jpg 1599w\" sizes=\"auto, (max-width: 1024px) 100vw, 1024px\" \/><\/figure>\n<\/figure>\n\n\n\n<p>Quelle: Frauenhaus Steyr<\/p>\n\n\n\n<p>&#8222;Heimat bist du toter T\u00f6chter&#8220;<\/p>\n\n\n\n<p>Nach wie vor z\u00e4hlt Gewalt an Frauen zu einer der am weitesten verbreiteten Menschenrechtsverletzungen. Die urspr\u00fcnglich von UN-Women ausgehende Kampagne\u00a0<strong>&#8222;Orange The World&#8220;\u00a0<\/strong>findet j\u00e4hrlich zwischen dem 25. November, dem\u00a0<strong>&#8222;Internationalen Tag gegen Gewalt an Frauen&#8220;<\/strong>, und dem 10. Dezember, dem &#8222;Internationalen Menschenrechtstag&#8220;, statt. Anl\u00e4sslich dieser Thematik widmet der Soroptimist Club Steyr in Kooperation mit dem Museum Arbeitswelt die Benefizlesung \u201eHeimat bist du toter T\u00f6chter&#8220; von Yvonne Widler zum Start von \u201eOrange The World\u201c. Im Anschluss folgte eine Podiumsdiskussion mit Vertreter:innen des Frauenhauses Steyr, des Vereins Neustart und des Gewaltschutzzentums O\u00d6. <\/p>\n\n\n\n<p>Quelle: meinbezirk.at<\/p>\n","protected":false},"excerpt":{"rendered":"<p>November 2023 Lesung der Autorin Yvonne Widler aus ihrem Buch &#8222;Heimat bist du toter T\u00f6chter&#8220; und anschlie\u00dfende Podiumsdiskussion veranstaltet vom Soroptimist Club Steyr. Quelle: Frauenhaus Steyr &#8222;Heimat bist du toter T\u00f6chter&#8220; Nach wie vor z\u00e4hlt Gewalt an Frauen zu einer der am weitesten verbreiteten Menschenrechtsverletzungen. Die urspr\u00fcnglich von UN-Women ausgehende Kampagne\u00a0&#8222;Orange The World&#8220;\u00a0findet j\u00e4hrlich zwischen &hellip;<\/p>\n<p class=\"read-more\"> <a class=\"\" href=\"https:\/\/www.frauenhaus-steyr.at\/wordpress\/2023\/11\/2023-podiumsdiskussion-heimat-bist-du-toter-toechter\/\"> <span class=\"screen-reader-text\">2023: Podiumsdiskussion: Heimat bist du toter T\u00f6chter<\/span> Weiterlesen &raquo;<\/a><\/p>\n","protected":false},"author":3,"featured_media":0,"comment_status":"closed","ping_status":"open","sticky":false,"template":"","format":"standard","meta":{"advgb_blocks_editor_width":"","advgb_blocks_columns_visual_guide":"","_coblocks_attr":"","_coblocks_dimensions":"","_coblocks_responsive_height":"","_coblocks_accordion_ie_support":"","site-sidebar-layout":"default","site-content-layout":"default","ast-global-header-display":"","ast-main-header-display":"","ast-hfb-above-header-display":"","ast-hfb-below-header-display":"","ast-hfb-mobile-header-display":"","site-post-title":"","ast-breadcrumbs-content":"","ast-featured-img":"","footer-sml-layout":"","theme-transparent-header-meta":"","adv-header-id-meta":"","stick-header-meta":"","header-above-stick-meta":"","header-main-stick-meta":"","header-below-stick-meta":"","footnotes":""},"categories":[8],"tags":[],"class_list":["post-1937","post","type-post","status-publish","format-standard","hentry","category-veranstaltungen-fotos"],"author_meta":{"display_name":"Frauenhaus","author_link":"https:\/\/www.frauenhaus-steyr.at\/wordpress\/author\/frauenhaus\/"},"featured_img":null,"coauthors":[],"tax_additional":{"categories":{"linked":["<a href=\"https:\/\/www.frauenhaus-steyr.at\/wordpress\/category\/veranstaltungen-fotos\/\" class=\"advgb-post-tax-term\">Veranstaltungen &amp; Fotos<\/a>"],"unlinked":["<span class=\"advgb-post-tax-term\">Veranstaltungen &amp; Fotos<\/span>"]}},"comment_count":"0","relative_dates":{"created":"Posted 2\u00a0Jahren ago","modified":"Updated 2\u00a0Jahren ago"},"absolute_dates":{"created":"Posted on November 27, 2023","modified":"Updated on Dezember 22, 2023"},"absolute_dates_time":{"created":"Posted on November 27, 2023 8:53 a.m.","modified":"Updated on Dezember 22, 2023 11:45 a.m."},"featured_img_caption":"","series_order":"","_links":{"self":[{"href":"https:\/\/www.frauenhaus-steyr.at\/wordpress\/wp-json\/wp\/v2\/posts\/1937","targetHints":{"allow":["GET"]}}],"collection":[{"href":"https:\/\/www.frauenhaus-steyr.at\/wordpress\/wp-json\/wp\/v2\/posts"}],"about":[{"href":"https:\/\/www.frauenhaus-steyr.at\/wordpress\/wp-json\/wp\/v2\/types\/post"}],"author":[{"embeddable":true,"href":"https:\/\/www.frauenhaus-steyr.at\/wordpress\/wp-json\/wp\/v2\/users\/3"}],"replies":[{"embeddable":true,"href":"https:\/\/www.frauenhaus-steyr.at\/wordpress\/wp-json\/wp\/v2\/comments?post=1937"}],"version-history":[{"count":1,"href":"https:\/\/www.frauenhaus-steyr.at\/wordpress\/wp-json\/wp\/v2\/posts\/1937\/revisions"}],"predecessor-version":[{"id":1944,"href":"https:\/\/www.frauenhaus-steyr.at\/wordpress\/wp-json\/wp\/v2\/posts\/1937\/revisions\/1944"}],"wp:attachment":[{"href":"https:\/\/www.frauenhaus-steyr.at\/wordpress\/wp-json\/wp\/v2\/media?parent=1937"}],"wp:term":[{"taxonomy":"category","embeddable":true,"href":"https:\/\/www.frauenhaus-steyr.at\/wordpress\/wp-json\/wp\/v2\/categories?post=1937"},{"taxonomy":"post_tag","embeddable":true,"href":"https:\/\/www.frauenhaus-steyr.at\/wordpress\/wp-json\/wp\/v2\/tags?post=1937"}],"curies":[{"name":"wp","href":"https:\/\/api.w.org\/{rel}","templated":true}]}}