{"id":1741,"date":"2023-07-15T11:49:37","date_gmt":"2023-07-15T11:49:37","guid":{"rendered":"https:\/\/www.frauenhaus-steyr.at\/wordpress\/?p=1741"},"modified":"2023-11-09T10:05:44","modified_gmt":"2023-11-09T10:05:44","slug":"2023-spende-spoe-st-valentin","status":"publish","type":"post","link":"https:\/\/www.frauenhaus-steyr.at\/wordpress\/2023\/07\/2023-spende-spoe-st-valentin\/","title":{"rendered":"2023: Spende SP\u00d6 St. Valentin"},"content":{"rendered":"\n<p>Juli 2023<\/p>\n\n\n\n<figure class=\"wp-block-image size-full is-resized\"><img loading=\"lazy\" decoding=\"async\" src=\"https:\/\/www.frauenhaus-steyr.at\/wordpress\/wp-content\/uploads\/2023\/07\/2023_SPOe-St.-Valentin.png\" alt=\"\" class=\"wp-image-1742\" width=\"470\" height=\"273\" srcset=\"https:\/\/www.frauenhaus-steyr.at\/wordpress\/wp-content\/uploads\/2023\/07\/2023_SPOe-St.-Valentin.png 795w, https:\/\/www.frauenhaus-steyr.at\/wordpress\/wp-content\/uploads\/2023\/07\/2023_SPOe-St.-Valentin-300x174.png 300w, https:\/\/www.frauenhaus-steyr.at\/wordpress\/wp-content\/uploads\/2023\/07\/2023_SPOe-St.-Valentin-768x446.png 768w\" sizes=\"auto, (max-width: 470px) 100vw, 470px\" \/><\/figure>\n\n\n\n<p>Die SP\u00d6 St. Valentin unterst\u00fctzt das Frauenhaus Steyr mit einer Spende, die direkt beim Sommerfest 2023 \u00fcberreicht wurde.<\/p>\n\n\n\n<p>Vielen Dank an alle Spenderinnen und Spender.<\/p>\n","protected":false},"excerpt":{"rendered":"<p>Juli 2023 Die SP\u00d6 St. Valentin unterst\u00fctzt das Frauenhaus Steyr mit einer Spende, die direkt beim Sommerfest 2023 \u00fcberreicht wurde. Vielen Dank an alle Spenderinnen und Spender.<\/p>\n","protected":false},"author":3,"featured_media":0,"comment_status":"closed","ping_status":"open","sticky":false,"template":"","format":"standard","meta":{"advgb_blocks_editor_width":"","advgb_blocks_columns_visual_guide":"","_coblocks_attr":"","_coblocks_dimensions":"","_coblocks_responsive_height":"","_coblocks_accordion_ie_support":"","site-sidebar-layout":"default","site-content-layout":"default","ast-global-header-display":"","ast-main-header-display":"","ast-hfb-above-header-display":"","ast-hfb-below-header-display":"","ast-hfb-mobile-header-display":"","site-post-title":"","ast-breadcrumbs-content":"","ast-featured-img":"","footer-sml-layout":"","theme-transparent-header-meta":"","adv-header-id-meta":"","stick-header-meta":"","header-above-stick-meta":"","header-main-stick-meta":"","header-below-stick-meta":"","footnotes":""},"categories":[8],"tags":[],"class_list":["post-1741","post","type-post","status-publish","format-standard","hentry","category-veranstaltungen-fotos"],"author_meta":{"display_name":"Frauenhaus","author_link":"https:\/\/www.frauenhaus-steyr.at\/wordpress\/author\/frauenhaus\/"},"featured_img":null,"coauthors":[],"tax_additional":{"categories":{"linked":["<a href=\"https:\/\/www.frauenhaus-steyr.at\/wordpress\/category\/veranstaltungen-fotos\/\" class=\"advgb-post-tax-term\">Veranstaltungen &amp; Fotos<\/a>"],"unlinked":["<span class=\"advgb-post-tax-term\">Veranstaltungen &amp; Fotos<\/span>"]}},"comment_count":"0","relative_dates":{"created":"Posted 3\u00a0Jahren ago","modified":"Updated 2\u00a0Jahren ago"},"absolute_dates":{"created":"Posted on Juli 15, 2023","modified":"Updated on November 9, 2023"},"absolute_dates_time":{"created":"Posted on Juli 15, 2023 11:49 a.m.","modified":"Updated on November 9, 2023 10:05 a.m."},"featured_img_caption":"","series_order":"","_links":{"self":[{"href":"https:\/\/www.frauenhaus-steyr.at\/wordpress\/wp-json\/wp\/v2\/posts\/1741","targetHints":{"allow":["GET"]}}],"collection":[{"href":"https:\/\/www.frauenhaus-steyr.at\/wordpress\/wp-json\/wp\/v2\/posts"}],"about":[{"href":"https:\/\/www.frauenhaus-steyr.at\/wordpress\/wp-json\/wp\/v2\/types\/post"}],"author":[{"embeddable":true,"href":"https:\/\/www.frauenhaus-steyr.at\/wordpress\/wp-json\/wp\/v2\/users\/3"}],"replies":[{"embeddable":true,"href":"https:\/\/www.frauenhaus-steyr.at\/wordpress\/wp-json\/wp\/v2\/comments?post=1741"}],"version-history":[{"count":2,"href":"https:\/\/www.frauenhaus-steyr.at\/wordpress\/wp-json\/wp\/v2\/posts\/1741\/revisions"}],"predecessor-version":[{"id":1748,"href":"https:\/\/www.frauenhaus-steyr.at\/wordpress\/wp-json\/wp\/v2\/posts\/1741\/revisions\/1748"}],"wp:attachment":[{"href":"https:\/\/www.frauenhaus-steyr.at\/wordpress\/wp-json\/wp\/v2\/media?parent=1741"}],"wp:term":[{"taxonomy":"category","embeddable":true,"href":"https:\/\/www.frauenhaus-steyr.at\/wordpress\/wp-json\/wp\/v2\/categories?post=1741"},{"taxonomy":"post_tag","embeddable":true,"href":"https:\/\/www.frauenhaus-steyr.at\/wordpress\/wp-json\/wp\/v2\/tags?post=1741"}],"curies":[{"name":"wp","href":"https:\/\/api.w.org\/{rel}","templated":true}]}}