{"id":111,"date":"2023-04-16T09:37:23","date_gmt":"2023-04-16T09:37:23","guid":{"rendered":"https:\/\/www.frauenhaus-steyr.at\/wordpress\/?p=111"},"modified":"2023-07-15T06:18:16","modified_gmt":"2023-07-15T06:18:16","slug":"freiheitsentziehung","status":"publish","type":"post","link":"https:\/\/www.frauenhaus-steyr.at\/wordpress\/2023\/04\/freiheitsentziehung\/","title":{"rendered":"Freiheitsentziehung"},"content":{"rendered":"\n<p>(Paragraph 99 Strafgesetzbuch)<br>Das Gefangenhalten einer Person oder die Entziehung der pers\u00f6nlichen Freiheit auf andere Weise ist mit einer Freiheitsstrafe bis zu drei <br>Jahren zu bestrafen. Dazu geh\u00f6rt z. B. jemanden einsperren oder am Verlassen des Raumes, Autos etc. zu hindern. Bei besonderen Qualen <br>erh\u00f6ht sich die Strafe auf bis zu zehn Jahre.<\/p>\n\n\n\n<div class=\"wp-block-buttons is-layout-flex wp-block-buttons-is-layout-flex\">\n<div class=\"wp-block-button\"><a class=\"wp-block-button__link wp-element-button\" href=\"https:\/\/www.ris.bka.gv.at\/Dokumente\/Bundesnormen\/NOR12029642\/NOR12029642.html\" target=\"_blank\" rel=\"noreferrer noopener\">Zum Gesetz<\/a><\/div>\n<\/div>\n","protected":false},"excerpt":{"rendered":"<p>(Paragraph 99 Strafgesetzbuch)Das Gefangenhalten einer Person oder die Entziehung der pers\u00f6nlichen Freiheit auf andere Weise ist mit einer Freiheitsstrafe bis zu drei Jahren zu bestrafen. Dazu geh\u00f6rt z. B. jemanden einsperren oder am Verlassen des Raumes, Autos etc. zu hindern. Bei besonderen Qualen erh\u00f6ht sich die Strafe auf bis zu zehn Jahre.<\/p>\n","protected":false},"author":3,"featured_media":0,"comment_status":"closed","ping_status":"open","sticky":false,"template":"","format":"standard","meta":{"advgb_blocks_editor_width":"","advgb_blocks_columns_visual_guide":"","_coblocks_attr":"","_coblocks_dimensions":"","_coblocks_responsive_height":"","_coblocks_accordion_ie_support":"","site-sidebar-layout":"default","site-content-layout":"default","ast-global-header-display":"","ast-main-header-display":"","ast-hfb-above-header-display":"","ast-hfb-below-header-display":"","ast-hfb-mobile-header-display":"","site-post-title":"","ast-breadcrumbs-content":"","ast-featured-img":"","footer-sml-layout":"","theme-transparent-header-meta":"","adv-header-id-meta":"","stick-header-meta":"","header-above-stick-meta":"","header-main-stick-meta":"","header-below-stick-meta":"","footnotes":""},"categories":[10],"tags":[],"class_list":["post-111","post","type-post","status-publish","format-standard","hentry","category-delikte"],"author_meta":{"display_name":"Frauenhaus","author_link":"https:\/\/www.frauenhaus-steyr.at\/wordpress\/author\/frauenhaus\/"},"featured_img":null,"coauthors":[],"tax_additional":{"categories":{"linked":["<a href=\"https:\/\/www.frauenhaus-steyr.at\/wordpress\/category\/delikte\/\" class=\"advgb-post-tax-term\">Delikte<\/a>"],"unlinked":["<span class=\"advgb-post-tax-term\">Delikte<\/span>"]}},"comment_count":"0","relative_dates":{"created":"Posted 3\u00a0Jahren ago","modified":"Updated 3\u00a0Jahren ago"},"absolute_dates":{"created":"Posted on April 16, 2023","modified":"Updated on Juli 15, 2023"},"absolute_dates_time":{"created":"Posted on April 16, 2023 9:37 a.m.","modified":"Updated on Juli 15, 2023 6:18 a.m."},"featured_img_caption":"","series_order":"","_links":{"self":[{"href":"https:\/\/www.frauenhaus-steyr.at\/wordpress\/wp-json\/wp\/v2\/posts\/111","targetHints":{"allow":["GET"]}}],"collection":[{"href":"https:\/\/www.frauenhaus-steyr.at\/wordpress\/wp-json\/wp\/v2\/posts"}],"about":[{"href":"https:\/\/www.frauenhaus-steyr.at\/wordpress\/wp-json\/wp\/v2\/types\/post"}],"author":[{"embeddable":true,"href":"https:\/\/www.frauenhaus-steyr.at\/wordpress\/wp-json\/wp\/v2\/users\/3"}],"replies":[{"embeddable":true,"href":"https:\/\/www.frauenhaus-steyr.at\/wordpress\/wp-json\/wp\/v2\/comments?post=111"}],"version-history":[{"count":2,"href":"https:\/\/www.frauenhaus-steyr.at\/wordpress\/wp-json\/wp\/v2\/posts\/111\/revisions"}],"predecessor-version":[{"id":1528,"href":"https:\/\/www.frauenhaus-steyr.at\/wordpress\/wp-json\/wp\/v2\/posts\/111\/revisions\/1528"}],"wp:attachment":[{"href":"https:\/\/www.frauenhaus-steyr.at\/wordpress\/wp-json\/wp\/v2\/media?parent=111"}],"wp:term":[{"taxonomy":"category","embeddable":true,"href":"https:\/\/www.frauenhaus-steyr.at\/wordpress\/wp-json\/wp\/v2\/categories?post=111"},{"taxonomy":"post_tag","embeddable":true,"href":"https:\/\/www.frauenhaus-steyr.at\/wordpress\/wp-json\/wp\/v2\/tags?post=111"}],"curies":[{"name":"wp","href":"https:\/\/api.w.org\/{rel}","templated":true}]}}